{"id":5155,"date":"2023-08-03T23:53:21","date_gmt":"2023-08-03T21:53:21","guid":{"rendered":"http:\/\/fba.orienteering.sk\/?p=5155"},"modified":"2023-08-03T23:53:21","modified_gmt":"2023-08-03T21:53:21","slug":"slovenska-presna-orientacia-na-prednych-prieckach-na-svete","status":"publish","type":"post","link":"http:\/\/fba.orienteering.sk\/?p=5155","title":{"rendered":"Slovensk\u00e1 presn\u00e1 orient\u00e1cia na predn\u00fdch prie\u010dkach na svete!"},"content":{"rendered":"\n<p>Dokazovali to na\u0161i slovensk\u00ed reprezentanti na Majstrovstv\u00e1ch sveta v\u00a0presnej orient\u00e1cii (WTOC), ktor\u00e9 sa konali za\u010diatkom j\u00fala v\u00a0susednej \u010ceskej republike v\u00a0Z\u00e1kupoch. V\u00a0ka\u017edej discipl\u00edne sa niekto z\u00a0na\u0161ich umiestnil v\u00a0TOP 10! Navy\u0161e &#8211;\u00a0ke\u010f sa povie \u201ena\u0161i\u201c, tak to boli naozaj 100% \u201eNA\u0160I\u201c. V\u0161etci \u010dlenovia reprezenta\u010dn\u00e9ho t\u00edmu boli na\u0161i FBA \u2013\u00e1ci! <strong>Du\u0161an Furucz, Jonat\u00e1n Furucz, \u0160imon Mi\u017e\u00far, Pavol Bukovac.<\/strong><\/p>\n\n\n\n<div class=\"wp-block-group\"><div class=\"wp-block-group__inner-container\">\n<figure class=\"wp-block-gallery columns-1 is-cropped\"><ul class=\"blocks-gallery-grid\"><li class=\"blocks-gallery-item\"><figure><a href=\"http:\/\/fba.orienteering.sk\/wp-content\/uploads\/2023\/08\/IMG_20230702_183655-2-scaled.jpg\"><img loading=\"lazy\" width=\"1024\" height=\"461\" src=\"http:\/\/fba.orienteering.sk\/wp-content\/uploads\/2023\/08\/IMG_20230702_183655-2-1024x461.jpg\" alt=\"\" data-id=\"5161\" data-full-url=\"http:\/\/fba.orienteering.sk\/wp-content\/uploads\/2023\/08\/IMG_20230702_183655-2-scaled.jpg\" data-link=\"http:\/\/fba.orienteering.sk\/?attachment_id=5161\" class=\"wp-image-5161\" srcset=\"http:\/\/fba.orienteering.sk\/wp-content\/uploads\/2023\/08\/IMG_20230702_183655-2-1024x461.jpg 1024w, http:\/\/fba.orienteering.sk\/wp-content\/uploads\/2023\/08\/IMG_20230702_183655-2-300x135.jpg 300w, http:\/\/fba.orienteering.sk\/wp-content\/uploads\/2023\/08\/IMG_20230702_183655-2-768x346.jpg 768w, http:\/\/fba.orienteering.sk\/wp-content\/uploads\/2023\/08\/IMG_20230702_183655-2-1536x691.jpg 1536w, http:\/\/fba.orienteering.sk\/wp-content\/uploads\/2023\/08\/IMG_20230702_183655-2-2048x922.jpg 2048w\" sizes=\"(max-width: 1024px) 100vw, 1024px\" \/><\/a><\/figure><\/li><\/ul><\/figure>\n<\/div><\/div>\n\n\n\n<p>Po vla\u0148aj\u0161\u00edch \u00faspechoch na WTOC v\u00a0Po\u013esku, kedy si na\u0161a \u0161tafeta vybojovala bronz a\u00a0Janko Furucz individu\u00e1lne zlato, bolo samozrejm\u00e9 pom\u00fd\u0161\u013ea\u0165 na popredn\u00e9 prie\u010dky aj v\u00a0tomto roku. Zlo\u017eenie t\u00edmu bolo takmer toto\u017en\u00e9. Iba Janko a\u00a0Du\u0161an sa vymenili na poste IOF advisora. Skalnat\u00e9 \u010desk\u00e9 ter\u00e9ny boli mimoriadne n\u00e1ro\u010dn\u00e9. Niekde boli vysok\u00e9 pieskovcov\u00e9 bral\u00e1 a kontroly boli umiestnen\u00e9 mimoriadne vysoko, inde bolo obrovsk\u00e9 mno\u017estvo ve\u013ek\u00fdch, men\u0161\u00edch, mal\u00fdch, nakopen\u00fdch balvanov, akoby rozsypan\u00fdch po lese a kontroly roztr\u00fasen\u00e9 medzi nimi. Na popisoch bol sam\u00fd \u0161uter a zr\u00e1z. Azda iba jedna kontrola bola v jame :-).<\/p>\n\n\n\n<figure class=\"wp-block-gallery columns-2 is-cropped\"><ul class=\"blocks-gallery-grid\"><li class=\"blocks-gallery-item\"><figure><a href=\"http:\/\/fba.orienteering.sk\/wp-content\/uploads\/2023\/08\/klasika1_SOL_v7.PreO1-2001024_1-1.jpg\"><img loading=\"lazy\" width=\"724\" height=\"1024\" src=\"http:\/\/fba.orienteering.sk\/wp-content\/uploads\/2023\/08\/klasika1_SOL_v7.PreO1-2001024_1-1.jpg\" alt=\"\" data-id=\"5162\" data-link=\"http:\/\/fba.orienteering.sk\/?attachment_id=5162\" class=\"wp-image-5162\" srcset=\"http:\/\/fba.orienteering.sk\/wp-content\/uploads\/2023\/08\/klasika1_SOL_v7.PreO1-2001024_1-1.jpg 724w, http:\/\/fba.orienteering.sk\/wp-content\/uploads\/2023\/08\/klasika1_SOL_v7.PreO1-2001024_1-1-212x300.jpg 212w\" sizes=\"(max-width: 724px) 100vw, 724px\" \/><\/a><\/figure><\/li><li class=\"blocks-gallery-item\"><figure><a href=\"http:\/\/fba.orienteering.sk\/wp-content\/uploads\/2023\/08\/klasika2_SOL_v7.PreO2-200.jpg\"><img loading=\"lazy\" width=\"724\" height=\"1024\" src=\"http:\/\/fba.orienteering.sk\/wp-content\/uploads\/2023\/08\/klasika2_SOL_v7.PreO2-200-724x1024.jpg\" alt=\"\" data-id=\"5164\" data-full-url=\"http:\/\/fba.orienteering.sk\/wp-content\/uploads\/2023\/08\/klasika2_SOL_v7.PreO2-200.jpg\" data-link=\"http:\/\/fba.orienteering.sk\/?attachment_id=5164\" class=\"wp-image-5164\" srcset=\"http:\/\/fba.orienteering.sk\/wp-content\/uploads\/2023\/08\/klasika2_SOL_v7.PreO2-200-724x1024.jpg 724w, http:\/\/fba.orienteering.sk\/wp-content\/uploads\/2023\/08\/klasika2_SOL_v7.PreO2-200-212x300.jpg 212w, http:\/\/fba.orienteering.sk\/wp-content\/uploads\/2023\/08\/klasika2_SOL_v7.PreO2-200-768x1086.jpg 768w, http:\/\/fba.orienteering.sk\/wp-content\/uploads\/2023\/08\/klasika2_SOL_v7.PreO2-200-1086x1536.jpg 1086w, http:\/\/fba.orienteering.sk\/wp-content\/uploads\/2023\/08\/klasika2_SOL_v7.PreO2-200-1448x2048.jpg 1448w, http:\/\/fba.orienteering.sk\/wp-content\/uploads\/2023\/08\/klasika2_SOL_v7.PreO2-200.jpg 1653w\" sizes=\"(max-width: 724px) 100vw, 724px\" \/><\/a><\/figure><\/li><\/ul><\/figure>\n\n\n\n<p>Preteky sa za\u010dali presnou orient\u00e1ciou, pozost\u00e1vaj\u00facou z\u00a0dvoch k\u00f4l. V\u00fdsledky z\u00a0dvoch dn\u00ed s\u00fa\u0165a\u017eenia sa s\u010d\u00edtavali. Slovensk\u00e9mu t\u00edmu sa podaril ve\u013ek\u00fd \u00faspech, ke\u010f Pavol Bukovac obsadil kone\u010dn\u00e9 8. miesto v konkurencii viac ako 100 pretek\u00e1rov, ke\u010f od 4. miesta ho delili len sekundy. Kone\u010dn\u00e9 43. miesto obsadil Du\u0161an Furucz, Jonat\u00e1n Furucz bol 67. a \u0160imon MI\u017e\u00far 85.<\/p>\n\n\n\n<figure class=\"wp-block-gallery columns-2 is-cropped\"><ul class=\"blocks-gallery-grid\"><li class=\"blocks-gallery-item\"><figure><a href=\"http:\/\/fba.orienteering.sk\/wp-content\/uploads\/2023\/08\/FB_IMG_1688535832309.jpg\"><img loading=\"lazy\" width=\"1024\" height=\"676\" src=\"http:\/\/fba.orienteering.sk\/wp-content\/uploads\/2023\/08\/FB_IMG_1688535832309-1024x676.jpg\" alt=\"\" data-id=\"5158\" data-full-url=\"http:\/\/fba.orienteering.sk\/wp-content\/uploads\/2023\/08\/FB_IMG_1688535832309.jpg\" data-link=\"http:\/\/fba.orienteering.sk\/?attachment_id=5158\" class=\"wp-image-5158\" srcset=\"http:\/\/fba.orienteering.sk\/wp-content\/uploads\/2023\/08\/FB_IMG_1688535832309-1024x676.jpg 1024w, http:\/\/fba.orienteering.sk\/wp-content\/uploads\/2023\/08\/FB_IMG_1688535832309-300x198.jpg 300w, http:\/\/fba.orienteering.sk\/wp-content\/uploads\/2023\/08\/FB_IMG_1688535832309-768x507.jpg 768w, http:\/\/fba.orienteering.sk\/wp-content\/uploads\/2023\/08\/FB_IMG_1688535832309.jpg 1080w\" sizes=\"(max-width: 1024px) 100vw, 1024px\" \/><\/a><\/figure><\/li><li class=\"blocks-gallery-item\"><figure><a href=\"http:\/\/fba.orienteering.sk\/wp-content\/uploads\/2023\/08\/FB_IMG_1688490756002.jpg\"><img loading=\"lazy\" width=\"1024\" height=\"683\" src=\"http:\/\/fba.orienteering.sk\/wp-content\/uploads\/2023\/08\/FB_IMG_1688490756002-1024x683.jpg\" alt=\"\" data-id=\"5159\" data-full-url=\"http:\/\/fba.orienteering.sk\/wp-content\/uploads\/2023\/08\/FB_IMG_1688490756002.jpg\" data-link=\"http:\/\/fba.orienteering.sk\/?attachment_id=5159\" class=\"wp-image-5159\" srcset=\"http:\/\/fba.orienteering.sk\/wp-content\/uploads\/2023\/08\/FB_IMG_1688490756002-1024x683.jpg 1024w, http:\/\/fba.orienteering.sk\/wp-content\/uploads\/2023\/08\/FB_IMG_1688490756002-300x200.jpg 300w, http:\/\/fba.orienteering.sk\/wp-content\/uploads\/2023\/08\/FB_IMG_1688490756002-768x512.jpg 768w, http:\/\/fba.orienteering.sk\/wp-content\/uploads\/2023\/08\/FB_IMG_1688490756002-600x400.jpg 600w, http:\/\/fba.orienteering.sk\/wp-content\/uploads\/2023\/08\/FB_IMG_1688490756002.jpg 1080w\" sizes=\"(max-width: 1024px) 100vw, 1024px\" \/><\/a><\/figure><\/li><\/ul><\/figure>\n\n\n\n<p>\u010eal\u0161\u00ed de\u0148 chalani siahali na medailu v discipl\u00edne \u0161tafiet\u00a0 Neby\u0165 technickej chyby, mohli ma\u0165 bronzov\u00fa medailu. Napriek tomu z\u00edskali \u00fa\u017easn\u00e9 4. miesto a u\u017eili si poctu na ve\u013ekom p\u00f3diu. \u0160tafeta i\u0161la v zlo\u017een\u00ed \u0160imon Mi\u017e\u00far, Pavol Bukovac a Du\u0161an Furucz..<\/p>\n\n\n\n<figure class=\"wp-block-gallery columns-2 is-cropped\"><ul class=\"blocks-gallery-grid\"><li class=\"blocks-gallery-item\"><figure><a href=\"http:\/\/fba.orienteering.sk\/wp-content\/uploads\/2023\/08\/IMG_20230705_141353-scaled.jpg\"><img loading=\"lazy\" width=\"770\" height=\"1024\" src=\"http:\/\/fba.orienteering.sk\/wp-content\/uploads\/2023\/08\/IMG_20230705_141353-770x1024.jpg\" alt=\"\" data-id=\"5165\" data-full-url=\"http:\/\/fba.orienteering.sk\/wp-content\/uploads\/2023\/08\/IMG_20230705_141353-scaled.jpg\" data-link=\"http:\/\/fba.orienteering.sk\/?attachment_id=5165\" class=\"wp-image-5165\" srcset=\"http:\/\/fba.orienteering.sk\/wp-content\/uploads\/2023\/08\/IMG_20230705_141353-770x1024.jpg 770w, http:\/\/fba.orienteering.sk\/wp-content\/uploads\/2023\/08\/IMG_20230705_141353-226x300.jpg 226w, http:\/\/fba.orienteering.sk\/wp-content\/uploads\/2023\/08\/IMG_20230705_141353-768x1022.jpg 768w, http:\/\/fba.orienteering.sk\/wp-content\/uploads\/2023\/08\/IMG_20230705_141353-1155x1536.jpg 1155w, http:\/\/fba.orienteering.sk\/wp-content\/uploads\/2023\/08\/IMG_20230705_141353-1540x2048.jpg 1540w, http:\/\/fba.orienteering.sk\/wp-content\/uploads\/2023\/08\/IMG_20230705_141353-scaled.jpg 1924w\" sizes=\"(max-width: 770px) 100vw, 770px\" \/><\/a><\/figure><\/li><li class=\"blocks-gallery-item\"><figure><a href=\"http:\/\/fba.orienteering.sk\/wp-content\/uploads\/2023\/08\/IMG_20230705_172114_956.jpg\"><img loading=\"lazy\" width=\"968\" height=\"968\" src=\"http:\/\/fba.orienteering.sk\/wp-content\/uploads\/2023\/08\/IMG_20230705_172114_956.jpg\" alt=\"\" data-id=\"5166\" data-full-url=\"http:\/\/fba.orienteering.sk\/wp-content\/uploads\/2023\/08\/IMG_20230705_172114_956.jpg\" data-link=\"http:\/\/fba.orienteering.sk\/?attachment_id=5166\" class=\"wp-image-5166\" srcset=\"http:\/\/fba.orienteering.sk\/wp-content\/uploads\/2023\/08\/IMG_20230705_172114_956.jpg 968w, http:\/\/fba.orienteering.sk\/wp-content\/uploads\/2023\/08\/IMG_20230705_172114_956-300x300.jpg 300w, http:\/\/fba.orienteering.sk\/wp-content\/uploads\/2023\/08\/IMG_20230705_172114_956-150x150.jpg 150w, http:\/\/fba.orienteering.sk\/wp-content\/uploads\/2023\/08\/IMG_20230705_172114_956-768x768.jpg 768w, http:\/\/fba.orienteering.sk\/wp-content\/uploads\/2023\/08\/IMG_20230705_172114_956-220x220.jpg 220w\" sizes=\"(max-width: 968px) 100vw, 968px\" \/><\/a><\/figure><\/li><\/ul><\/figure>\n\n\n\n<p>V poslednej discipl\u00edne TempO obrovsk\u00fd individu\u00e1lny \u00faspech dosiahol \u0160imon Mi\u017e\u00far. Napriek tomu, \u017ee od vypadnutia v kvalifik\u00e1cii ho delili len 4 sekundy, vo fin\u00e1le podal v\u00fdborn\u00fd v\u00fdkon a od za\u010diatku sa pohyboval na popredn\u00fdch miestach. \u0160imon sa umiestnil na skvelom 5. mieste, pri\u010dom od bronzovej medaily ho delilo iba zanedbate\u013en\u00fdch 10.5\u00a0sek\u00fand. Do fin\u00e1le sa dostal e\u0161te Du\u0161an Furucz, ktor\u00fd obsadil kone\u010dn\u00e9 27. miesto.<\/p>\n\n\n\n<figure class=\"wp-block-gallery columns-1 is-cropped\"><ul class=\"blocks-gallery-grid\"><li class=\"blocks-gallery-item\"><figure><a href=\"http:\/\/fba.orienteering.sk\/wp-content\/uploads\/2023\/08\/FB_IMG_1689059791161.jpg\"><img loading=\"lazy\" width=\"1024\" height=\"690\" src=\"http:\/\/fba.orienteering.sk\/wp-content\/uploads\/2023\/08\/FB_IMG_1689059791161-1024x690.jpg\" alt=\"\" data-id=\"5167\" data-full-url=\"http:\/\/fba.orienteering.sk\/wp-content\/uploads\/2023\/08\/FB_IMG_1689059791161.jpg\" data-link=\"http:\/\/fba.orienteering.sk\/?attachment_id=5167\" class=\"wp-image-5167\" srcset=\"http:\/\/fba.orienteering.sk\/wp-content\/uploads\/2023\/08\/FB_IMG_1689059791161-1024x690.jpg 1024w, http:\/\/fba.orienteering.sk\/wp-content\/uploads\/2023\/08\/FB_IMG_1689059791161-300x202.jpg 300w, http:\/\/fba.orienteering.sk\/wp-content\/uploads\/2023\/08\/FB_IMG_1689059791161-768x518.jpg 768w, http:\/\/fba.orienteering.sk\/wp-content\/uploads\/2023\/08\/FB_IMG_1689059791161.jpg 1080w\" sizes=\"(max-width: 1024px) 100vw, 1024px\" \/><\/a><\/figure><\/li><\/ul><\/figure>\n","protected":false},"excerpt":{"rendered":"<p>Dokazovali to na\u0161i slovensk\u00ed reprezentanti na Majstrovstv\u00e1ch sveta v\u00a0presnej orient\u00e1cii (WTOC), ktor\u00e9 sa konali za\u010diatkom j\u00fala v\u00a0susednej \u010ceskej republike v\u00a0Z\u00e1kupoch. V\u00a0ka\u017edej discipl\u00edne sa niekto z\u00a0na\u0161ich umiestnil v\u00a0TOP 10! Navy\u0161e &#8211;\u00a0ke\u010f sa povie \u201ena\u0161i\u201c, tak to boli<a class=\"moretag\" href=\"http:\/\/fba.orienteering.sk\/?p=5155\">Read More&#8230;<\/a><\/p>\n","protected":false},"author":2,"featured_media":0,"comment_status":"open","ping_status":"open","sticky":false,"template":"","format":"standard","meta":[],"categories":[1],"tags":[],"_links":{"self":[{"href":"http:\/\/fba.orienteering.sk\/index.php?rest_route=\/wp\/v2\/posts\/5155"}],"collection":[{"href":"http:\/\/fba.orienteering.sk\/index.php?rest_route=\/wp\/v2\/posts"}],"about":[{"href":"http:\/\/fba.orienteering.sk\/index.php?rest_route=\/wp\/v2\/types\/post"}],"author":[{"embeddable":true,"href":"http:\/\/fba.orienteering.sk\/index.php?rest_route=\/wp\/v2\/users\/2"}],"replies":[{"embeddable":true,"href":"http:\/\/fba.orienteering.sk\/index.php?rest_route=%2Fwp%2Fv2%2Fcomments&post=5155"}],"version-history":[{"count":2,"href":"http:\/\/fba.orienteering.sk\/index.php?rest_route=\/wp\/v2\/posts\/5155\/revisions"}],"predecessor-version":[{"id":5169,"href":"http:\/\/fba.orienteering.sk\/index.php?rest_route=\/wp\/v2\/posts\/5155\/revisions\/5169"}],"wp:attachment":[{"href":"http:\/\/fba.orienteering.sk\/index.php?rest_route=%2Fwp%2Fv2%2Fmedia&parent=5155"}],"wp:term":[{"taxonomy":"category","embeddable":true,"href":"http:\/\/fba.orienteering.sk\/index.php?rest_route=%2Fwp%2Fv2%2Fcategories&post=5155"},{"taxonomy":"post_tag","embeddable":true,"href":"http:\/\/fba.orienteering.sk\/index.php?rest_route=%2Fwp%2Fv2%2Ftags&post=5155"}],"curies":[{"name":"wp","href":"https:\/\/api.w.org\/{rel}","templated":true}]}}