{"id":4965,"date":"2022-09-05T09:27:04","date_gmt":"2022-09-05T07:27:04","guid":{"rendered":"http:\/\/fba.orienteering.sk\/?p=4965"},"modified":"2022-09-05T09:27:06","modified_gmt":"2022-09-05T07:27:06","slug":"filip-a-tomas-na-jwoc-2022-v-portugalsku","status":"publish","type":"post","link":"http:\/\/fba.orienteering.sk\/?p=4965","title":{"rendered":"Filip a Tom\u00e1\u0161 na JWOC 2022 v Portugalsku"},"content":{"rendered":"\n<p>Po dlhom lete z&nbsp;Budape\u0161ti do Porta a&nbsp;asi dvojhodinovej ceste autom sme sa dobojovali na na\u0161e ubytovanie. B\u00fdvali sme v&nbsp;meste\u010dku Penalva de Castelo ne\u010faleko centra pretekov.<\/p>\n\n\n\n<p>Preto\u017ee bol JWOC v&nbsp;lete v&nbsp;Portugalsku, kde b\u00fdva teplo a&nbsp;ob\u010das horia lesy, zak\u00e1zali miestni spr\u00e1vcovia vstup do lesa. To by neznelo tak zle. Len\u017ee my sme v&nbsp;tom lese chceli beha\u0165. Tak\u017ee organiz\u00e1tori museli h\u013eada\u0165 nejak\u00e9 rie\u0161enia.<\/p>\n\n\n\n<p>Prv\u00fd a&nbsp;druh\u00fd de\u0148 prebehli e\u0161te pod\u013ea pl\u00e1nu. Ke\u010f\u017ee prv\u00e1 discipl\u00edna bola pr\u00e1ve \u0161print mimo lesa, tak sa vlastne ni\u010d v\u00e1\u017ene nestalo. Prv\u00fd de\u0148 bol tr\u00e9ning a&nbsp;druh\u00fd sa u\u017e be\u017ealo na ostro. Preteky samotn\u00e9 sa konali v&nbsp;obci Carapito. Tra\u0165 bola technick\u00e1 v&nbsp;\u00fazkych uli\u010dk\u00e1ch s&nbsp;mnoh\u00fdmi umel\u00fdmi z\u00e1branami, ktor\u00e9 dok\u00e1zali s\u0165a\u017ei\u0165 v\u00fdber cesty ku kontrol\u00e1m. Z\u00e1ver bol aj k\u00fasok lesom za meste\u010dkom, ktor\u00fd na\u0161\u0165astie nehorel.<\/p>\n\n\n\n<p>Organiz\u00e1tori pri\u0161li s&nbsp;rie\u0161en\u00edm z\u00e1sadn\u00e9ho probl\u00e9mu s&nbsp;lesn\u00fdmi discipl\u00ednami. Pridali do programu \u0161printov\u00e9 \u0161tafety a&nbsp;tzv. urban relay (tj. mestsk\u00e9 \u0161tafety). Len \u0161printov\u00e9 v\u0161ak mali ma\u0165 pr\u00edvlastok majstrovsk\u00e9, lebo urban relay nie ofici\u00e1lna discipl\u00edna. Tak\u017ee n\u00e1s \u010dakali u\u017e len dve discipl\u00edny po\u010das piatich dn\u00ed.<\/p>\n\n\n\n<p>V&nbsp;utorok malo by\u0165 vo\u013eno, tak sme to vzali na tr\u00e9ning do Dornelasu. A&nbsp;mali sme celkom \u0161\u0165astie, ke\u010f\u017ee, ako sme potom zistili, sa urban relay mali kona\u0165 pr\u00e1ve tam. Meste\u010dko bolo pekn\u00e9, tak ako aj tie ostatn\u00e9. Poobede sme na ubytovan\u00ed relaxovali pri baz\u00e9ne a&nbsp;sna\u017eili sa po\u010das portugalsk\u00fdch letn\u00fdch dn\u00ed schladi\u0165.<\/p>\n\n\n\n<p>\u0160printov\u00e9 \u0161tafety v&nbsp;stredu sa konali tam kde \u0161print. Bolo by ale pr\u00edli\u0161 \u013eahk\u00e9 be\u017ea\u0165 v&nbsp;podstate zas tak\u00fa ist\u00fa tra\u0165, tak\u017ee organiz\u00e1tor zmenil postavenie z\u00e1bran, \u010do n\u00e1s celkom nachytalo. A&nbsp;narozdiel od \u0161printu si dali z\u00e1le\u017ea\u0165 aby to nikto neposlal cez s\u00fakromn\u00e9 pozemky.<\/p>\n\n\n\n<p>\u0160tvrtok, op\u00e4\u0165 vo\u013en\u00fd de\u0148. Dali sme tr\u00e9ning trochu \u010falej od ubytovania. Tam sme nav\u0161t\u00edvili e\u0161te miestnu skalu v&nbsp;strede mesta z&nbsp;ktorej bol celkom fajn v\u00fdh\u013ead. Obed sme mali v&nbsp;re\u0161taur\u00e1cii v&nbsp;Aguiar da Beira (centrum pretekov). Pri re\u0161taur\u00e1cii bol baz\u00e9n a&nbsp;tak sme tam ostali a&nbsp;chv\u00ed\u013eu sa socializovali aj ostatn\u00fdmi reprezent\u00e1ciami.<\/p>\n\n\n\n<p>Posledn\u00e9 preteky sa konali v&nbsp;piatok. Ako u\u017e som spom\u00ednal, centrum bolo v&nbsp;Dornelase. Form\u00e1t \u0161tafiet bol tak\u00fd ako pri lesn\u00fdch \u0161tafet\u00e1ch. Tra\u0165 znova pozna\u010dili umel\u00e9 z\u00e1brany a&nbsp;samozrejme trochu aj nar\u00fdchlo pr\u00edprava trat\u00ed. Ke\u010f \u010dlovek mus\u00ed sk\u00e1ka\u0165 po palet\u00e1ch aby vyliezol na dvojmetrov\u00fd m\u00far tak to \u00faplne nevypoved\u00e1 o&nbsp;profesionalite. Po n\u00e1s sa e\u0161te be\u017eali preteky tr\u00e9nerov, vrchol cel\u00e9ho t\u00fd\u017ed\u0148a.<\/p>\n\n\n\n<p>V&nbsp;sobotu u\u017e sa ni\u010d nedialo. De\u0148 sme str\u00e1vili v&nbsp;\u0161portovom centre v&nbsp;Aguiari, kde sme op\u00e4\u0165 mali obed a&nbsp;z\u00e1rove\u0148 n\u00e1s tam \u010dakali r\u00f4zne soci\u00e1lne aktivity. Ve\u010der u\u017e len spolo\u010dn\u00e1 ve\u010dera a&nbsp;z\u00e1vere\u010dn\u00fd banket. N\u00e1sledne cesta domov s&nbsp;t\u00fdm rozdielom, \u017ee sme prilietali do Viedne.<\/p>\n\n\n\n<p>Tak\u00e1 bola prv\u00e1 \u010das\u0165 tohtoro\u010dn\u00e9ho JWOCu, ktor\u00e9ho lesn\u00e9 discipl\u00edny boli prelo\u017een\u00e9 na november.<\/p>\n\n\n\n<figure class=\"wp-block-gallery columns-2 is-cropped\"><ul class=\"blocks-gallery-grid\"><li class=\"blocks-gallery-item\"><figure><a href=\"http:\/\/fba.orienteering.sk\/wp-content\/uploads\/2022\/09\/received_363498482580204.jpeg\"><img loading=\"lazy\" width=\"768\" height=\"1024\" src=\"http:\/\/fba.orienteering.sk\/wp-content\/uploads\/2022\/09\/received_363498482580204-768x1024.jpeg\" alt=\"\" data-id=\"4968\" data-full-url=\"http:\/\/fba.orienteering.sk\/wp-content\/uploads\/2022\/09\/received_363498482580204.jpeg\" data-link=\"http:\/\/fba.orienteering.sk\/?attachment_id=4968\" class=\"wp-image-4968\" srcset=\"http:\/\/fba.orienteering.sk\/wp-content\/uploads\/2022\/09\/received_363498482580204-768x1024.jpeg 768w, http:\/\/fba.orienteering.sk\/wp-content\/uploads\/2022\/09\/received_363498482580204-225x300.jpeg 225w, http:\/\/fba.orienteering.sk\/wp-content\/uploads\/2022\/09\/received_363498482580204.jpeg 1080w\" sizes=\"(max-width: 768px) 100vw, 768px\" \/><\/a><\/figure><\/li><li class=\"blocks-gallery-item\"><figure><a href=\"http:\/\/fba.orienteering.sk\/wp-content\/uploads\/2022\/09\/Screenshot_20220713-181510_2.png\"><img loading=\"lazy\" width=\"668\" height=\"1024\" src=\"http:\/\/fba.orienteering.sk\/wp-content\/uploads\/2022\/09\/Screenshot_20220713-181510_2-668x1024.png\" alt=\"\" data-id=\"4969\" data-full-url=\"http:\/\/fba.orienteering.sk\/wp-content\/uploads\/2022\/09\/Screenshot_20220713-181510_2.png\" data-link=\"http:\/\/fba.orienteering.sk\/?attachment_id=4969\" class=\"wp-image-4969\" srcset=\"http:\/\/fba.orienteering.sk\/wp-content\/uploads\/2022\/09\/Screenshot_20220713-181510_2-668x1024.png 668w, http:\/\/fba.orienteering.sk\/wp-content\/uploads\/2022\/09\/Screenshot_20220713-181510_2-196x300.png 196w, http:\/\/fba.orienteering.sk\/wp-content\/uploads\/2022\/09\/Screenshot_20220713-181510_2-768x1177.png 768w, http:\/\/fba.orienteering.sk\/wp-content\/uploads\/2022\/09\/Screenshot_20220713-181510_2-1002x1536.png 1002w, http:\/\/fba.orienteering.sk\/wp-content\/uploads\/2022\/09\/Screenshot_20220713-181510_2.png 1080w\" sizes=\"(max-width: 668px) 100vw, 668px\" \/><\/a><\/figure><\/li><\/ul><\/figure>\n\n\n\n<p>No a p\u00e1r d\u00f4le\u017eit\u00fdch \u00fadajov: Obaja na\u0161i borci mali v \u010dase pretekov 16 rokov a s\u00fa\u0165a\u017eili medzi 19-20 ro\u010dn\u00fdmi reprezentantami z in\u00fdch kraj\u00edn.<\/p>\n\n\n\n<p>V\u00fdsledky \u0161print: 3,3km<\/p>\n\n\n\n<p>Filip 93.miesto (strata 3:39), \u010das: 17:24<\/p>\n\n\n\n<p>Tom\u00e1\u0161&nbsp; 123.miesto (strata 5:04), \u010das: 18:49<\/p>\n\n\n\n<p>\u0160printov\u00e9 \u0161tafety:<\/p>\n\n\n\n<p>\u0160tafeta A: Filip vybiehal na 2.\u00fasek z&nbsp;23.miesta a&nbsp;odovzd\u00e1val na 28.mieste so stratou 2,48min na ved\u00facu \u0161tafetu. Celkovo skon\u010dila \u0161tafeta na 10.mieste so stratou 4:19 na v\u00ed\u0165azn\u00fa \u0161tafetu (zlo\u017eenie: Miklu\u0161ov\u00e1 Tamara, Bukov\u00e1c Filip, Roh\u00e1\u010d Martin, &nbsp;Kov\u00e1\u010dov\u00e1 Zuzana).<\/p>\n\n\n\n<p>\u0160tafeta B: Tom\u00e1\u0161 vybiehal z&nbsp;27.miesta&nbsp; a&nbsp;odovzd\u00e1val 37. so stratou 4,38min. Z&nbsp;jednej krajiny bola ofici\u00e1lne hodnoten\u00e1 len jedna \u0161tafeta, neofici\u00e1lne slovensk\u00e9 \u201eB\u201c (\u013dubka Weissov\u00e1, Tom\u00e1\u0161 Kasza, Martin Knor a&nbsp;Viki Kostercov\u00e1) obsadilo 48.miesto, celkov\u00fd po\u010det \u0161tartuj\u00facich \u0161tafiet bol 52.<\/p>\n\n\n\n<p>Mestsk\u00e9 \u0161tafety: 3-\u010dlenn\u00e9\/d\u013a\u017eka: 4,3km<\/p>\n\n\n\n<p>Z&nbsp;na\u0161ich chlapcov v nasadenej &nbsp;be\u017eal len Filip (zlo\u017eenie: Martin Roh\u00e1\u010d 17:01, Filip Bukov\u00e1c 18:54, Martin Knor 19:30). \u0160tafeta skon\u010dila na 25.mieste zo 41.ofici\u00e1lnych \u0161tafiet.<\/p>\n","protected":false},"excerpt":{"rendered":"<p>Po dlhom lete z&nbsp;Budape\u0161ti do Porta a&nbsp;asi dvojhodinovej ceste autom sme sa dobojovali na na\u0161e ubytovanie. B\u00fdvali sme v&nbsp;meste\u010dku Penalva de Castelo ne\u010faleko centra pretekov. Preto\u017ee bol JWOC v&nbsp;lete v&nbsp;Portugalsku, kde b\u00fdva teplo a&nbsp;ob\u010das horia lesy,<a class=\"moretag\" href=\"http:\/\/fba.orienteering.sk\/?p=4965\">Read More&#8230;<\/a><\/p>\n","protected":false},"author":2,"featured_media":4966,"comment_status":"open","ping_status":"open","sticky":false,"template":"","format":"standard","meta":[],"categories":[1],"tags":[],"_links":{"self":[{"href":"http:\/\/fba.orienteering.sk\/index.php?rest_route=\/wp\/v2\/posts\/4965"}],"collection":[{"href":"http:\/\/fba.orienteering.sk\/index.php?rest_route=\/wp\/v2\/posts"}],"about":[{"href":"http:\/\/fba.orienteering.sk\/index.php?rest_route=\/wp\/v2\/types\/post"}],"author":[{"embeddable":true,"href":"http:\/\/fba.orienteering.sk\/index.php?rest_route=\/wp\/v2\/users\/2"}],"replies":[{"embeddable":true,"href":"http:\/\/fba.orienteering.sk\/index.php?rest_route=%2Fwp%2Fv2%2Fcomments&post=4965"}],"version-history":[{"count":1,"href":"http:\/\/fba.orienteering.sk\/index.php?rest_route=\/wp\/v2\/posts\/4965\/revisions"}],"predecessor-version":[{"id":4970,"href":"http:\/\/fba.orienteering.sk\/index.php?rest_route=\/wp\/v2\/posts\/4965\/revisions\/4970"}],"wp:featuredmedia":[{"embeddable":true,"href":"http:\/\/fba.orienteering.sk\/index.php?rest_route=\/wp\/v2\/media\/4966"}],"wp:attachment":[{"href":"http:\/\/fba.orienteering.sk\/index.php?rest_route=%2Fwp%2Fv2%2Fmedia&parent=4965"}],"wp:term":[{"taxonomy":"category","embeddable":true,"href":"http:\/\/fba.orienteering.sk\/index.php?rest_route=%2Fwp%2Fv2%2Fcategories&post=4965"},{"taxonomy":"post_tag","embeddable":true,"href":"http:\/\/fba.orienteering.sk\/index.php?rest_route=%2Fwp%2Fv2%2Ftags&post=4965"}],"curies":[{"name":"wp","href":"https:\/\/api.w.org\/{rel}","templated":true}]}}