{"id":4863,"date":"2022-03-16T08:58:16","date_gmt":"2022-03-16T06:58:16","guid":{"rendered":"http:\/\/fba.orienteering.sk\/?p=4863"},"modified":"2022-03-16T08:58:18","modified_gmt":"2022-03-16T06:58:18","slug":"zacali-sme-slovensku-sezonu","status":"publish","type":"post","link":"http:\/\/fba.orienteering.sk\/?p=4863","title":{"rendered":"Za\u010dali sme slovensk\u00fa sez\u00f3nu"},"content":{"rendered":"\n<p>12.3. 2022 v\u010faka usporiadate\u013eom z SKS p\u00e1r pretek\u00e1rov zo z\u00e1padnej oblasti vybehlo po dlhej zime kone\u010dne do lesa v pretek\u00e1rskom tempe.<\/p>\n\n\n\n<p>Kr\u00e1sny slne\u010dn\u00fd de\u0148 bol ako stvoren\u00fd pre otvorenie nov\u00e9ho ro\u010dn\u00edka pln\u00e9ho kr\u00e1snych z\u00e1\u017eitkov a dobrodru\u017estiev spojen\u00fdch s orienta\u010dn\u00fdm behom. Fyzicky n\u00e1ro\u010dn\u00e9 trate preverili, \u010do kto robil v zime a u niektor\u00fdch aj to, ako dlho dlho s\u00fa po prekonan\u00ed pliagy zvanej covid.<\/p>\n\n\n\n<p>Ale v\u0161etko za\u010dalo kr\u00e1sne a my optimisti d\u00fafame, \u017ee to tak aj po\u010das celej sez\u00f3ny ostane. Z p\u00e1r z\u00fa\u010dastnen\u00fdch Farmaceutov sa skvelo predviedli Ba\u0161ka aj Boris, zo \u017eien super be\u017eali Katka S\u00fdkorov\u00e1 aj Kika Komanov\u00e1. ostatn\u00ed primerane svojmu zdravotn\u00e9mu stavu a aktu\u00e1lnej kond\u00edcii.<\/p>\n\n\n\n<p>No a na\u0161e vych\u00e1dzaj\u00face hviezdi\u010dky? Tie str\u00e1vili 9 dn\u00ed na s\u00fastreden\u00ed v Slovinsku so z\u00e1vere\u010dn\u00fdm vyst\u00fapen\u00edm na medzin\u00e1rodn\u00fdch prest\u00ed\u017enych pretekoch Lipica open. Pozi\u010dne sa najlep\u0161ie darilo Filipovi na 5.mieste, nasledovala Terezka s mil\u00fdm prekvapen\u00edm na 7.mieste a  Tom\u00e1\u0161 na 17.mieste. Ur\u010dite potr\u00e9novali poriadne a my d\u00fafame, \u017ee sk\u00fasenosti zo s\u00fastredenia poriadne z\u00faro\u010dia po\u010das za\u010d\u00ednaj\u00facej sez\u00f3ny.    <\/p>\n","protected":false},"excerpt":{"rendered":"<p>12.3. 2022 v\u010faka usporiadate\u013eom z SKS p\u00e1r pretek\u00e1rov zo z\u00e1padnej oblasti vybehlo po dlhej zime kone\u010dne do lesa v pretek\u00e1rskom tempe. Kr\u00e1sny slne\u010dn\u00fd de\u0148 bol ako stvoren\u00fd pre otvorenie nov\u00e9ho ro\u010dn\u00edka pln\u00e9ho kr\u00e1snych z\u00e1\u017eitkov a dobrodru\u017estiev<a class=\"moretag\" href=\"http:\/\/fba.orienteering.sk\/?p=4863\">Read More&#8230;<\/a><\/p>\n","protected":false},"author":2,"featured_media":4864,"comment_status":"open","ping_status":"open","sticky":false,"template":"","format":"standard","meta":[],"categories":[1],"tags":[],"_links":{"self":[{"href":"http:\/\/fba.orienteering.sk\/index.php?rest_route=\/wp\/v2\/posts\/4863"}],"collection":[{"href":"http:\/\/fba.orienteering.sk\/index.php?rest_route=\/wp\/v2\/posts"}],"about":[{"href":"http:\/\/fba.orienteering.sk\/index.php?rest_route=\/wp\/v2\/types\/post"}],"author":[{"embeddable":true,"href":"http:\/\/fba.orienteering.sk\/index.php?rest_route=\/wp\/v2\/users\/2"}],"replies":[{"embeddable":true,"href":"http:\/\/fba.orienteering.sk\/index.php?rest_route=%2Fwp%2Fv2%2Fcomments&post=4863"}],"version-history":[{"count":1,"href":"http:\/\/fba.orienteering.sk\/index.php?rest_route=\/wp\/v2\/posts\/4863\/revisions"}],"predecessor-version":[{"id":4865,"href":"http:\/\/fba.orienteering.sk\/index.php?rest_route=\/wp\/v2\/posts\/4863\/revisions\/4865"}],"wp:featuredmedia":[{"embeddable":true,"href":"http:\/\/fba.orienteering.sk\/index.php?rest_route=\/wp\/v2\/media\/4864"}],"wp:attachment":[{"href":"http:\/\/fba.orienteering.sk\/index.php?rest_route=%2Fwp%2Fv2%2Fmedia&parent=4863"}],"wp:term":[{"taxonomy":"category","embeddable":true,"href":"http:\/\/fba.orienteering.sk\/index.php?rest_route=%2Fwp%2Fv2%2Fcategories&post=4863"},{"taxonomy":"post_tag","embeddable":true,"href":"http:\/\/fba.orienteering.sk\/index.php?rest_route=%2Fwp%2Fv2%2Ftags&post=4863"}],"curies":[{"name":"wp","href":"https:\/\/api.w.org\/{rel}","templated":true}]}}