{"id":4791,"date":"2021-10-28T00:59:44","date_gmt":"2021-10-27T22:59:44","guid":{"rendered":"http:\/\/fba.orienteering.sk\/?p=4791"},"modified":"2021-10-28T00:59:46","modified_gmt":"2021-10-27T22:59:46","slug":"slovak-trailo-weekend-2021-slovensky-trailovy-vikend-2021","status":"publish","type":"post","link":"http:\/\/fba.orienteering.sk\/?p=4791","title":{"rendered":"Slovak TrailO Weekend 2021 \/ Slovensk\u00fd TrailOv\u00fd v\u00edkend 2021"},"content":{"rendered":"\n<p>23.-24.10.2021 sme usporiadali preteky WRE v presnej orient\u00e1cii. Cel\u00e1 organiz\u00e1cia pretekov bola na pleciach a pod velen\u00edm Jana Furucza a Du\u0161ana Furucza. \u017de s\u00fa v tomto \u0161porte majstrami  svetov\u00e9ho v\u00fdznamu nie len ako pretek\u00e1ri, ale aj ako stavitelia trat\u00ed je u\u017e asi dostato\u010dne zn\u00e1me v celej Eur\u00f3pe. Asi pr\u00e1ve preto sa na na\u0161ich pretekoch zi\u0161la takmer stovka pretek\u00e1rov zo 14-tich kraj\u00edn, \u010d\u00edm sme sa stali usporiadate\u013emi najviac obsaden\u00fdch pretekov WRE v Eur\u00f3pe v roku 2021. <\/p>\n\n\n\n<figure class=\"wp-block-image size-large\"><a href=\"http:\/\/fba.orienteering.sk\/wp-content\/uploads\/2021\/10\/stw2021_preo.E.SOL_.jpg\"><img loading=\"lazy\" width=\"724\" height=\"1024\" src=\"http:\/\/fba.orienteering.sk\/wp-content\/uploads\/2021\/10\/stw2021_preo.E.SOL_-724x1024.jpg\" alt=\"\" class=\"wp-image-4797\" srcset=\"http:\/\/fba.orienteering.sk\/wp-content\/uploads\/2021\/10\/stw2021_preo.E.SOL_-724x1024.jpg 724w, http:\/\/fba.orienteering.sk\/wp-content\/uploads\/2021\/10\/stw2021_preo.E.SOL_-212x300.jpg 212w, http:\/\/fba.orienteering.sk\/wp-content\/uploads\/2021\/10\/stw2021_preo.E.SOL_-768x1086.jpg 768w, http:\/\/fba.orienteering.sk\/wp-content\/uploads\/2021\/10\/stw2021_preo.E.SOL_-1086x1536.jpg 1086w, http:\/\/fba.orienteering.sk\/wp-content\/uploads\/2021\/10\/stw2021_preo.E.SOL_.jpg 1190w\" sizes=\"(max-width: 724px) 100vw, 724px\" \/><\/a><\/figure>\n\n\n\n<p>Po\u010das dvoch dn\u00ed prebehli s\u00fa\u0165a\u017ee v troch discipl\u00ednach. TempO, PreO sprint a PreO. V z\u00e1vere\u010dnom celkovom hodnoten\u00ed, ktor\u00e9 bolo dan\u00e9 s\u00fa\u010dtom v\u00fdsledkov za v\u0161etky tri discipl\u00edny sa v kateg\u00f3rii juniorov umiestnil Jonat\u00e1n Furucz na skvelom 5.mieste a vo ve\u013emi silnej konkurencii v kateg\u00f3rii dospel\u00fdch (OPEN) obsadil Pavol Bukovac v\u00fdborn\u00e9 13.miesto. \u0160imon Mi\u017e\u00far skon\u010dil na 38. mieste.<\/p>\n\n\n\n<figure class=\"wp-block-image size-large is-resized\"><a href=\"http:\/\/fba.orienteering.sk\/wp-content\/uploads\/2021\/10\/IMG_4247-scaled.jpg\"><img loading=\"lazy\" src=\"http:\/\/fba.orienteering.sk\/wp-content\/uploads\/2021\/10\/IMG_4247-1024x683.jpg\" alt=\"\" class=\"wp-image-4794\" width=\"1202\" height=\"802\" srcset=\"http:\/\/fba.orienteering.sk\/wp-content\/uploads\/2021\/10\/IMG_4247-1024x683.jpg 1024w, http:\/\/fba.orienteering.sk\/wp-content\/uploads\/2021\/10\/IMG_4247-300x200.jpg 300w, http:\/\/fba.orienteering.sk\/wp-content\/uploads\/2021\/10\/IMG_4247-768x512.jpg 768w, http:\/\/fba.orienteering.sk\/wp-content\/uploads\/2021\/10\/IMG_4247-1536x1024.jpg 1536w, http:\/\/fba.orienteering.sk\/wp-content\/uploads\/2021\/10\/IMG_4247-2048x1365.jpg 2048w, http:\/\/fba.orienteering.sk\/wp-content\/uploads\/2021\/10\/IMG_4247-600x400.jpg 600w\" sizes=\"(max-width: 1202px) 100vw, 1202px\" \/><\/a><\/figure>\n\n\n\n<p>Neodmyslite\u013enou s\u00fa\u010das\u0165ou t\u00fdchto pretekov bola aj kateg\u00f3ria Para. . \u0160portovci v tejto kateg\u00f3rii s\u00fa v\u017edy zdrojom obrovskej in\u0161pir\u00e1cie a motiv\u00e1cie.<\/p>\n\n\n\n<figure class=\"wp-block-image size-large is-resized\"><a href=\"http:\/\/fba.orienteering.sk\/wp-content\/uploads\/2021\/10\/trail-scaled.jpg\"><img loading=\"lazy\" src=\"http:\/\/fba.orienteering.sk\/wp-content\/uploads\/2021\/10\/trail-1024x711.jpg\" alt=\"\" class=\"wp-image-4792\" width=\"1210\" height=\"840\" srcset=\"http:\/\/fba.orienteering.sk\/wp-content\/uploads\/2021\/10\/trail-1024x711.jpg 1024w, http:\/\/fba.orienteering.sk\/wp-content\/uploads\/2021\/10\/trail-300x208.jpg 300w, http:\/\/fba.orienteering.sk\/wp-content\/uploads\/2021\/10\/trail-768x534.jpg 768w, http:\/\/fba.orienteering.sk\/wp-content\/uploads\/2021\/10\/trail-1536x1067.jpg 1536w, http:\/\/fba.orienteering.sk\/wp-content\/uploads\/2021\/10\/trail-2048x1423.jpg 2048w\" sizes=\"(max-width: 1210px) 100vw, 1210px\" \/><\/a><\/figure>\n\n\n\n<figure class=\"wp-block-image size-large is-resized\"><a href=\"http:\/\/fba.orienteering.sk\/wp-content\/uploads\/2021\/10\/IMG_4267-scaled.jpg\"><img loading=\"lazy\" src=\"http:\/\/fba.orienteering.sk\/wp-content\/uploads\/2021\/10\/IMG_4267-683x1024.jpg\" alt=\"\" class=\"wp-image-4795\" width=\"1195\" height=\"1790\" srcset=\"http:\/\/fba.orienteering.sk\/wp-content\/uploads\/2021\/10\/IMG_4267-683x1024.jpg 683w, http:\/\/fba.orienteering.sk\/wp-content\/uploads\/2021\/10\/IMG_4267-200x300.jpg 200w\" sizes=\"(max-width: 1195px) 100vw, 1195px\" \/><\/a><\/figure>\n\n\n\n<p>Viac inform\u00e1cii o pretekoch, vr\u00e1tane v\u00fdsledkov, m\u00e1p, rie\u0161en\u00ed a fotografi\u00ed n\u00e1jdete na <a href=\"http:\/\/www.etoc2018.sk\/slovaktrailoweekend2021\/\">http:\/\/www.etoc2018.sk\/slovaktrailoweekend2021\/<\/a><\/p>\n","protected":false},"excerpt":{"rendered":"<p>23.-24.10.2021 sme usporiadali preteky WRE v presnej orient\u00e1cii. Cel\u00e1 organiz\u00e1cia pretekov bola na pleciach a pod velen\u00edm Jana Furucza a Du\u0161ana Furucza. \u017de s\u00fa v tomto \u0161porte majstrami svetov\u00e9ho v\u00fdznamu nie len ako pretek\u00e1ri, ale aj<a class=\"moretag\" href=\"http:\/\/fba.orienteering.sk\/?p=4791\">Read More&#8230;<\/a><\/p>\n","protected":false},"author":2,"featured_media":4793,"comment_status":"open","ping_status":"open","sticky":false,"template":"","format":"standard","meta":[],"categories":[1],"tags":[],"_links":{"self":[{"href":"http:\/\/fba.orienteering.sk\/index.php?rest_route=\/wp\/v2\/posts\/4791"}],"collection":[{"href":"http:\/\/fba.orienteering.sk\/index.php?rest_route=\/wp\/v2\/posts"}],"about":[{"href":"http:\/\/fba.orienteering.sk\/index.php?rest_route=\/wp\/v2\/types\/post"}],"author":[{"embeddable":true,"href":"http:\/\/fba.orienteering.sk\/index.php?rest_route=\/wp\/v2\/users\/2"}],"replies":[{"embeddable":true,"href":"http:\/\/fba.orienteering.sk\/index.php?rest_route=%2Fwp%2Fv2%2Fcomments&post=4791"}],"version-history":[{"count":2,"href":"http:\/\/fba.orienteering.sk\/index.php?rest_route=\/wp\/v2\/posts\/4791\/revisions"}],"predecessor-version":[{"id":4798,"href":"http:\/\/fba.orienteering.sk\/index.php?rest_route=\/wp\/v2\/posts\/4791\/revisions\/4798"}],"wp:featuredmedia":[{"embeddable":true,"href":"http:\/\/fba.orienteering.sk\/index.php?rest_route=\/wp\/v2\/media\/4793"}],"wp:attachment":[{"href":"http:\/\/fba.orienteering.sk\/index.php?rest_route=%2Fwp%2Fv2%2Fmedia&parent=4791"}],"wp:term":[{"taxonomy":"category","embeddable":true,"href":"http:\/\/fba.orienteering.sk\/index.php?rest_route=%2Fwp%2Fv2%2Fcategories&post=4791"},{"taxonomy":"post_tag","embeddable":true,"href":"http:\/\/fba.orienteering.sk\/index.php?rest_route=%2Fwp%2Fv2%2Ftags&post=4791"}],"curies":[{"name":"wp","href":"https:\/\/api.w.org\/{rel}","templated":true}]}}