{"id":4395,"date":"2020-10-10T21:55:40","date_gmt":"2020-10-10T19:55:40","guid":{"rendered":"http:\/\/fba.orienteering.sk\/?p=4395"},"modified":"2020-10-11T00:12:19","modified_gmt":"2020-10-10T22:12:19","slug":"kratka-rebrickova-sezona-2020","status":"publish","type":"post","link":"http:\/\/fba.orienteering.sk\/?p=4395","title":{"rendered":"Kr\u00e1tka rebr\u00ed\u010dkov\u00e1 sez\u00f3na 2020"},"content":{"rendered":"<p><strong>Ma\u010farsko &#8211; M\u00e1traalm\u00e1s<\/strong><\/p>\n<p><strong>\u00a0\u00a0\u00a0\u00a0\u00a0\u00a0\u00a0\u00a0 <\/strong>Na konci pr\u00e1zdnin sme sa kone\u010dne do\u010dkali prv\u00fdch rebr\u00ed\u010dkov\u00fdch pretekov tejto sez\u00f3ny. Odsko\u010dili sme si na ne k\u00fasok za hranice \u2013 do Ma\u010farska ne\u010faleko Salgotarianu. Les bol ve\u013emi podobn\u00fd na\u0161im Malokarpatsk\u00fdm lesom, tak\u017ee mnoh\u00ed sa v\u00a0\u0148om c\u00edtili ako doma a\u00a0vybehli si kvalitn\u00e9 body do SRJ. Vzh\u013eadom na proti- covidov\u00e9 opatrenia, ktor\u00e9 obmedzovali zhroma\u017e\u010fovanie \u013eud\u00ed, sme sa takmer v\u00f4bec navz\u00e1jom nevideli a\u00a0ani sme o\u00a0sebe ve\u013emi nevedeli. Sc\u00e9nar ka\u017edej pos\u00e1dky bol ve\u013emi jednoduch\u00fd. Vyst\u00fapi\u0165 z\u00a0auta, vybehn\u00fa\u0165 na tra\u0165, dobehn\u00fa\u0165, nast\u00fapi\u0165 do auta, odchod. Vyhl\u00e1senie v\u00fdsledkov nebolo, v\u00fdsledky boli iba na webe. A\u00a0tu za pov\u0161imnutie stoja ve\u013emi dobr\u00e9 v\u00fdkony na\u0161ich 16-k\u00e1rov. Darilo sa hlavne Tom\u00e1\u0161ovi, Rebecce a\u00a0Terezke (aj ke\u010f je iba 14). Nako\u013eko sa tu z\u00e1rove\u0148 konali aj nomina\u010dn\u00e9 preteky na dorasteneck\u00fd Eur\u00f3psky \u0161ampion\u00e1t, snaha na\u0161ich mlad\u00fdch pretek\u00e1rov sa pretavila do istej \u201emiestenky\u201c na toto podujatie. (Bohu\u017eia\u013e pre zhor\u0161uj\u00facu sa pandemick\u00fa situ\u00e1ciu boli nakoniec Majstrovstv\u00e1 Eur\u00f3py zru\u0161en\u00e9.)Na najvy\u0161\u0161\u00edch poz\u00edci\u00e1ch sa \u010falej objavil Palo M21E, Jano M65, Hana W45.<\/p>\n<p><strong>Ko\u0161ice<\/strong><\/p>\n<p>Prv\u00fd septembrov\u00fd v\u00edkend sme nabrali smer v\u00fdchod. Ko\u0161ick\u00e9 s\u00eddlisko Dargovsk\u00fdch hrdinov sa stalo dejiskom Majstrovstiev Slovenska v\u00a0\u0161printe a\u00a0v\u00a0\u0161printov\u00fdch \u0161tafet\u00e1ch. Do pri\u013eahl\u00e9ho lesa sa e\u0161te pomestil aj jeden middle do SRJ.<\/p>\n<p>S\u00a0r\u00fa\u0161kom na nose si na bed\u0148u vysko\u010dili: Terezka \u2013 W14 \u2013 1. miesto, Alena W35 &#8211; \u00a02. miesto, Jano \u2013 M65 -2.miesto, Du\u0161an H. \u2013 M40 \u2013 3.miesto a\u00a0v\u00a0M21E Palo \u2013 1. miesto<\/p>\n<p>V\u00a0\u0161tafet\u00e1ch skvelo bojovala na\u0161a \u0161tafeta dorastencov v\u00a0zlo\u017een\u00ed Filip, Terezka, Tom\u00e1\u0161. Dobehli si pre bronzov\u00e9 medaile.<\/p>\n<p><strong>Lu\u010denec<\/strong><\/p>\n<p>O\u00a0necel\u00e9 dva t\u00fd\u017edne nesk\u00f4r \u2013 v\u00a0piatok &#8211; op\u00e4\u0165 ideme takmer tou istou cestou a\u00a0zastavujeme v\u00a0Lu\u010denci. Ve\u010der s\u00fa na programe Majstrovstv\u00e1 Slovenska v\u00a0no\u010dnom OB. Po dobehnut\u00ed do cie\u013ea sa pocity z\u00a0trate ve\u013emi r\u00f4znia. Niektor\u00e9 kontroly \u201eboli na n\u00e1hodu\u201c. Niekomu sa na ne podarilo \u201epadn\u00fa\u0165\u201c v\u00a0pohode a\u00a0niektor\u00ed stratili hodne \u010dasu pre\u010des\u00e1van\u00edm lesa v\u00a0okol\u00ed kontroly. Sobot\u0148aj\u0161ia klasika a\u00a0nede\u013en\u00e1 kr\u00e1tka tra\u0165 dojem z\u00a0cel\u00fdch pretekov napravila. Kr\u00e1sne po\u010dasie doladilo v\u00fdborn\u00fa atmosf\u00e9ru pretekov.<\/p>\n<p>Medailisti z\u00a0NOB:<\/p>\n<p>M16 Filip 1.m,W16 Rebecca 2.m , M40 Martin 1.m, Du\u0161an 2.m, W40 Hana 1.m, Krist\u00ednka 2.m<\/p>\n<p><strong>CESOM<\/strong><\/p>\n<p>V\u00a0netradi\u010dnom jesennom term\u00edne sa uskuto\u010dnili preteky v\u00a0\u0160a\u0161t\u00edne na Gaz\u00e1rke. Na jar to ne\u0161lo, tak ich presunuli na koniec septembra.<\/p>\n<p>Ter\u00e9ny Z\u00e1horia m\u00e1me to\u0165 za rohom, beh\u00e1me tam viac ne\u017e dos\u0165, tak\u017ee nikoho asi ni\u010d neprekvapilo. Najhlavnej\u0161ie kateg\u00f3rie mali spestren\u00fa nede\u013e\u0148aj\u0161iu klasiku hromadn\u00fdm \u0161tartom. V\u00a0mu\u017eskej elite na prv\u00fdch troch miestach prebiehal mimoriadne vyrovnan\u00fd kontaktn\u00fd s\u00faboj a\u017e do cie\u013ea. S\u00a0n\u00e1skokom 1 sekundy vyhral Palo. V\u00a0\u010fal\u0161\u00edch kateg\u00f3ri\u00e1ch na tratiach so \u0161tandardn\u00fdm intervalov\u00fdm \u0161tartom to na pln\u00e9 bomby rozbalili a tradi\u010dne dobr\u00e9 v\u00fdkony podali v\u0161etci, ktor\u00ed st\u00e1le poctivo tr\u00e9novali.<\/p>\n<p>Ka\u017edoro\u010dne tieto preteky otv\u00e1rali rebr\u00ed\u010dkov\u00fa sez\u00f3nu. Tento rok ju pre zmenu ukon\u010dili. Bohu\u017eia\u013e, kv\u00f4li covidovej pand\u00e9mii sa v\u0161etky nasleduj\u00face preteky museli zru\u0161i\u0165.<\/p>\n<p>D\u00fafajme, \u017ee t\u00e1to kr\u00e1tka sez\u00f3na sa nav\u017edy stane iba hist\u00f3riou a\u00a0budeme na \u0148u u\u017e len spom\u00edna\u0165.<\/p>\n<p>&nbsp;<\/p>\n<p>&nbsp;<\/p>\n<p>&nbsp;<\/p>\n<p>&nbsp;<\/p>\n","protected":false},"excerpt":{"rendered":"<p>Ma\u010farsko &#8211; M\u00e1traalm\u00e1s \u00a0\u00a0\u00a0\u00a0\u00a0\u00a0\u00a0\u00a0 Na konci pr\u00e1zdnin sme sa kone\u010dne do\u010dkali prv\u00fdch rebr\u00ed\u010dkov\u00fdch pretekov tejto sez\u00f3ny. Odsko\u010dili sme si na ne k\u00fasok za hranice \u2013 do Ma\u010farska ne\u010faleko Salgotarianu. Les bol ve\u013emi podobn\u00fd na\u0161im Malokarpatsk\u00fdm lesom,<a class=\"moretag\" href=\"http:\/\/fba.orienteering.sk\/?p=4395\">Read More&#8230;<\/a><\/p>\n","protected":false},"author":2,"featured_media":4400,"comment_status":"open","ping_status":"open","sticky":false,"template":"","format":"standard","meta":[],"categories":[1],"tags":[],"_links":{"self":[{"href":"http:\/\/fba.orienteering.sk\/index.php?rest_route=\/wp\/v2\/posts\/4395"}],"collection":[{"href":"http:\/\/fba.orienteering.sk\/index.php?rest_route=\/wp\/v2\/posts"}],"about":[{"href":"http:\/\/fba.orienteering.sk\/index.php?rest_route=\/wp\/v2\/types\/post"}],"author":[{"embeddable":true,"href":"http:\/\/fba.orienteering.sk\/index.php?rest_route=\/wp\/v2\/users\/2"}],"replies":[{"embeddable":true,"href":"http:\/\/fba.orienteering.sk\/index.php?rest_route=%2Fwp%2Fv2%2Fcomments&post=4395"}],"version-history":[{"count":6,"href":"http:\/\/fba.orienteering.sk\/index.php?rest_route=\/wp\/v2\/posts\/4395\/revisions"}],"predecessor-version":[{"id":4408,"href":"http:\/\/fba.orienteering.sk\/index.php?rest_route=\/wp\/v2\/posts\/4395\/revisions\/4408"}],"wp:featuredmedia":[{"embeddable":true,"href":"http:\/\/fba.orienteering.sk\/index.php?rest_route=\/wp\/v2\/media\/4400"}],"wp:attachment":[{"href":"http:\/\/fba.orienteering.sk\/index.php?rest_route=%2Fwp%2Fv2%2Fmedia&parent=4395"}],"wp:term":[{"taxonomy":"category","embeddable":true,"href":"http:\/\/fba.orienteering.sk\/index.php?rest_route=%2Fwp%2Fv2%2Fcategories&post=4395"},{"taxonomy":"post_tag","embeddable":true,"href":"http:\/\/fba.orienteering.sk\/index.php?rest_route=%2Fwp%2Fv2%2Ftags&post=4395"}],"curies":[{"name":"wp","href":"https:\/\/api.w.org\/{rel}","templated":true}]}}