{"id":4152,"date":"2019-10-26T21:14:00","date_gmt":"2019-10-26T19:14:00","guid":{"rendered":"http:\/\/fba.orienteering.sk\/?p=4152"},"modified":"2019-10-28T08:26:20","modified_gmt":"2019-10-28T06:26:20","slug":"majstrovstva-slovenska-a-madarska-na-dlhej-trati-a-preteky-v-timovych-stafetach-12-13-10-2019","status":"publish","type":"post","link":"http:\/\/fba.orienteering.sk\/?p=4152","title":{"rendered":"Majstrovstv\u00e1 Slovenska a Ma\u010farska na dlhej trati a preteky v t\u00edmov\u00fdch \u0161tafet\u00e1ch 12.-13.10.2019"},"content":{"rendered":"<p>Cel\u00fa sez\u00f3nu sme na to tr\u00e9novali&#8230; Klasika, long alebo dlh\u00e1 tra\u0165 je pre v\u00e4\u010d\u0161inu orienta\u010dn\u00fdch be\u017ecov najob\u013e\u00fabenej\u0161ou discipl\u00ednou. U\u017e v\u00a0piatok sme pln\u00ed nad\u0161enia a\u00a0o\u010dak\u00e1van\u00ed vyrazili do Lu\u010denca, kde sme prespali v\u00a0telocvi\u010dni a\u00a0na druh\u00fd de\u0148 sme v\u00a0sobotu skoro r\u00e1no nasadli do \u00e1ut na zhroma\u017edisko, lebo od 11:00 bola karant\u00e9na. Trate boli dlh\u00e9 ako sa na klasiku patr\u00ed, ale mimo v\u00fdberu spr\u00e1vneho postupu bolo potrebn\u00e9 hlavne r\u00fdchlo be\u017ea\u0165. Napriek silnej ma\u010farskej konkurencii sme vynikaj\u00faco obst\u00e1li aj medzin\u00e1rodne. V klube sme v\u010faka tvrdej pr\u00edprave pozbierali ve\u013ea medailov\u00fdch umiestnen\u00ed. Pe\u0165ko Kotuliak (M10) sa umiestnil na 1. mieste, Filip Bukov\u00e1c (M14) na 2. mieste, J\u00e1n Mi\u017eur (M60) na 3. mieste, Lea Kotuliakov\u00e1 (W12) na 3. mieste, Rebecca Herna (W14) na 1. mieste a\u00a0Tereza Kendrov\u00e1 (W14) na 3. mieste, Hanka \u0160mel\u00edkov\u00e1 (W45) na 1. mieste a Janka Mi\u017eurov\u00e1 (W55) na 1. mieste.<\/p>\n<ul>\n<li>Ak\u00e9 boli pod\u013ea v\u00e1s trate?<\/li>\n<\/ul>\n<p><u>Rebecca (W14):<\/u> Pod\u013ea m\u0148a boli trate ve\u013emi r\u00fdchle a\u00a0mapovo nen\u00e1ro\u010dn\u00e9. Na longu by som o\u010dak\u00e1vala nie\u010do viacej kopcovit\u00e9, ale tento rovinat\u00fd ter\u00e9n bol vyu\u017eit\u00fd na 100 %.<\/p>\n<p><u>Tom\u00e1\u0161 (M14):<\/u> Trate boli bez vo\u013eby postupov, lokalita ve\u013emi pripom\u00ednala rovinat\u00e9 ter\u00e9ny Z\u00e1horia, a\u00a0ak ste chceli vyhra\u0165, museli ste r\u00fdchlo be\u017ea\u0165.<\/p>\n<p><u>Krist\u00ednka (W40<\/u>): Trate boli pod\u013ea m\u0148a pekn\u00e9 a\u00a0primeran\u00e9 kateg\u00f3rii, ale viac n\u00e1ro\u010dn\u00e9 kondi\u010dne ako mapovo.<\/p>\n<p>V\u00a0ne\u010felu boli u\u017e iba nemajstrovsk\u00e9 OPEN preteky v\u00a0t\u00edmov\u00fdch \u0161tafet\u00e1ch, ale v\u0161etci sme sa ve\u013emi te\u0161ili, lebo v\u00e4\u010d\u0161ina z\u00a0n\u00e1s be\u017eala tento form\u00e1t pretekov po prv\u00fd kr\u00e1t. Tak ako v\u00a0sobotu, aj dnes n\u00e1m vy\u0161lo n\u00e1dhern\u00e9 slne\u010dn\u00e9 po\u010dasie ako stvoren\u00e9 na behanie. Na \u0161tarte sme dostali 3 mapy s\u00a0povinnou tra\u0165ou, ktor\u00fa sme museli prejs\u0165 v\u0161etci a\u00a0s kontrolami, ktor\u00e9 sme si mali medzi sebou rozdeli\u0165. Bolo u\u017e len na pretek\u00e1roch v\u00a0danom t\u00edme, \u010di si kontroly rozdelia rovnomerne alebo nie. Aj v\u00a0tento de\u0148 sme zaznamenali \u00faspechy: t\u00edm v\u00a0zlo\u017een\u00ed Filip Bukov\u00e1c &#8211; Rebecca Herna &#8211; Tom\u00e1\u0161 Kasza sa umiestnil na 1. mieste celkovo a \u201erozdrtil\u201c slovensk\u00fa aj ma\u010farsk\u00fa konkurenciu v\u00a0kateg\u00f3rii M14, t\u00edm v\u00a0zlo\u017een\u00ed Ivan Kotuliak &#8211; Ladislav Kasza &#8211; Marek Koman sa umiestnil v\u00a0kateg\u00f3rii M125 na 1. mieste a t\u00edm v\u00a0zlo\u017een\u00ed Krist\u00ednka Komanov\u00e1 &#8211; Jana Mi\u017e\u00farov\u00e1 &#8211; Hanka \u0160mel\u00edkov\u00e1 v\u00a0kateg\u00f3rii W125 tie\u017e na 1. mieste.<\/p>\n<p>Tento v\u00edkend bolo n\u00e1dhern\u00e9 po\u010dasie, lesy boli kr\u00e1sne listnat\u00e9 s\u00a0hustni\u010dkami a\u00a0ryhami, pozbierali sme ve\u013ea medail\u00ed a\u00a0hlavne sme si ho v\u0161etci u\u017eili!!!<\/p>\n<p>Tereza Kendrov\u00e1, W14<\/p>\n<p>Fotky od Mareka:\u00a0<a href=\"https:\/\/photos.app.goo.gl\/mCJsiCW6BTnkmuhr9\">n\u00e1jdete tu<\/a>.<\/p>\n","protected":false},"excerpt":{"rendered":"<p>Cel\u00fa sez\u00f3nu sme na to tr\u00e9novali&#8230; Klasika, long alebo dlh\u00e1 tra\u0165 je pre v\u00e4\u010d\u0161inu orienta\u010dn\u00fdch be\u017ecov najob\u013e\u00fabenej\u0161ou discipl\u00ednou. U\u017e v\u00a0piatok sme pln\u00ed nad\u0161enia a\u00a0o\u010dak\u00e1van\u00ed vyrazili do Lu\u010denca, kde sme prespali v\u00a0telocvi\u010dni a\u00a0na druh\u00fd de\u0148 sme v\u00a0sobotu<a class=\"moretag\" href=\"http:\/\/fba.orienteering.sk\/?p=4152\">Read More&#8230;<\/a><\/p>\n","protected":false},"author":27,"featured_media":4155,"comment_status":"open","ping_status":"open","sticky":false,"template":"","format":"standard","meta":[],"categories":[2,20],"tags":[],"_links":{"self":[{"href":"http:\/\/fba.orienteering.sk\/index.php?rest_route=\/wp\/v2\/posts\/4152"}],"collection":[{"href":"http:\/\/fba.orienteering.sk\/index.php?rest_route=\/wp\/v2\/posts"}],"about":[{"href":"http:\/\/fba.orienteering.sk\/index.php?rest_route=\/wp\/v2\/types\/post"}],"author":[{"embeddable":true,"href":"http:\/\/fba.orienteering.sk\/index.php?rest_route=\/wp\/v2\/users\/27"}],"replies":[{"embeddable":true,"href":"http:\/\/fba.orienteering.sk\/index.php?rest_route=%2Fwp%2Fv2%2Fcomments&post=4152"}],"version-history":[{"count":1,"href":"http:\/\/fba.orienteering.sk\/index.php?rest_route=\/wp\/v2\/posts\/4152\/revisions"}],"predecessor-version":[{"id":4153,"href":"http:\/\/fba.orienteering.sk\/index.php?rest_route=\/wp\/v2\/posts\/4152\/revisions\/4153"}],"wp:featuredmedia":[{"embeddable":true,"href":"http:\/\/fba.orienteering.sk\/index.php?rest_route=\/wp\/v2\/media\/4155"}],"wp:attachment":[{"href":"http:\/\/fba.orienteering.sk\/index.php?rest_route=%2Fwp%2Fv2%2Fmedia&parent=4152"}],"wp:term":[{"taxonomy":"category","embeddable":true,"href":"http:\/\/fba.orienteering.sk\/index.php?rest_route=%2Fwp%2Fv2%2Fcategories&post=4152"},{"taxonomy":"post_tag","embeddable":true,"href":"http:\/\/fba.orienteering.sk\/index.php?rest_route=%2Fwp%2Fv2%2Ftags&post=4152"}],"curies":[{"name":"wp","href":"https:\/\/api.w.org\/{rel}","templated":true}]}}