{"id":3833,"date":"2019-04-14T12:28:03","date_gmt":"2019-04-14T10:28:03","guid":{"rendered":"http:\/\/fba.orienteering.sk\/?p=3833"},"modified":"2019-04-14T12:30:38","modified_gmt":"2019-04-14T10:30:38","slug":"cesom-2019","status":"publish","type":"post","link":"http:\/\/fba.orienteering.sk\/?p=3833","title":{"rendered":"CESOM 2019"},"content":{"rendered":"<p>Po roku sme zase zav\u00edtali na n\u00e1\u0161 ob\u013e\u00faben\u00fd CESOM. Po asi 3 rokoch sa nekonal v dedine\u00a0Lak\u0161\u00e1rska Nov\u00e1 Ves, ale v\u00a0meste \u0160a\u0161t\u00edn-Str\u00e1\u017ee, \u010do bola celkom v\u00edtan\u00e1, aj ke\u010f mal\u00e1 zmena. V\u0161etci sme sa na\u0148ho te\u0161ili a\u00a0v\u00a0prv\u00fd de\u0148 sme pri\u0161li pln\u00ed o\u010dak\u00e1van\u00ed<em>. Bude tento rok CESOM mapovo \u0165a\u017ek\u00fd? Ako s\u00fa pripraven\u00ed na\u0161i s\u00faperi?<\/em> My sme sa teda pripravovali naozaj poctivo.<\/p>\n<p>Prv\u00fd de\u0148 bol MIDDLE, teda skr\u00e1ten\u00e1 tra\u0165. V\u00e4\u010d\u0161ina z\u00a0n\u00e1s bola v\u00a0tomto lese po prv\u00fd kr\u00e1t v\u00a0\u017eivote, nevedeli sme teda,\u00a0 \u010do m\u00e1me \u010daka\u0165. Les n\u00e1s milo prekvapil (teda aspo\u0148 mlad\u0161ie vekov\u00e9 kateg\u00f3rie &#8230;), bol to v\u00e4\u010d\u0161inou listnat\u00fd rovinat\u00fd les s\u00a0p\u00e1r hustn\u00edkmi. Kateg\u00f3rie W12 a W14 mali naozaj a\u017e prive\u013emi mapovo \u013eahk\u00fa tra\u0165 a\u00a0d\u00f4le\u017eit\u00e9 bolo<!--more--><\/p>\n<p> hlavne r\u00fdchlo be\u017ea\u0165. V\u00a0tento de\u0148 sme zaznamenali prv\u00e9 \u00faspechy a\u00a0to: Lea Kotuliakov\u00e1 (W12), Tom\u00e1\u0161 Kasza (M14),\u00a0Rebecca Herna (W14), Tibor Novosad(K3), Marta Wartiakov\u00e1 (W35), Hana \u0160mel\u00edkov\u00e1 (W45) a\u00a0Pavol Bukov\u00e1c (W21E) sa umiestnili na prvom mieste, Filip Bukov\u00e1c (M14), Alena Bukov\u00e1cov\u00e1 (W35) a\u00a0Peter Bohu\u0161 (K3) na druhom mieste, Tereza Kendrov\u00e1 (W14) a\u00a0Magda Hrabo\u0161v\u00e1 (W20) na tre\u0165om mieste. \u0160ancu si v\u0161ak tak trochu prem\u00e1rnil Kubo Ber\u010d\u00edk, ktor\u00fd si nezobral mapu svojej kateg\u00f3rie a\u00a0zistil to a\u017e po asi 10 min\u00fatach. Ku koncu d\u0148a sa odovzd\u00e1vali ceny INOV rebr\u00ed\u010dek za uplynul\u00fd rok. \u00da\u017easne skon\u010dil Filip Bukov\u00e1c (M14), ktor\u00fd sa umiestnil na prvom mieste a\u00a0dostal pouk\u00e1\u017eku INOV a\u00a0neskuto\u010dn\u00fd \u010dokol\u00e1dov\u00fd poh\u00e1r, ktor\u00fd sme si samozrejme rozdelili &#8230; Lea Kotuliakov\u00e1 (W12) sa umiestnila na 2. mieste, Karol Paluska (M12) na 3. mieste a\u00a0Rebecca Herna (W14) na 1. mieste. Celkovo sme tak z\u00edskali a\u017e 4 \u010dokol\u00e1dov\u00e9 poh\u00e1re &#8230; Celkom spokojn\u00ed, av\u0161ak\u00a0unaven\u00ed po celom n\u00e1ro\u010dnom dni sme sa vr\u00e1tili na na\u0161u chatu, kde sme stre\u010dingovali a\u00a0v\u0161etci sme i\u0161li spa\u0165 s\u00a0pocitom, \u017ee na druh\u00fd de\u0148 na\u0161e v\u00fdsledky e\u0161te zlep\u0161\u00edme!<\/p>\n<p>Druh\u00fd de\u0148 sme mali bud\u00ed\u010dek ve\u013emi skoro a\u00a0r\u00fdchlo sme sa presunuli na zhroma\u017edisko. \u0160tart bol ve\u013emi skoro &#8211; o\u00a09:30, a\u00a0tak sme sa poriadne ani nestihli zobudi\u0165 a\u00a0u\u017e sme st\u00e1li na \u0161tarte pred LONGOM. Niektor\u00ed z\u00a0n\u00e1s mali form\u00e1t mapy A3, \u010di mierku 1:15 000. Asi najhor\u0161ie na tom boli M21E, ktor\u00ed mali 16,5 km. T\u00e1to etapa n\u00e1m dala v\u0161etk\u00fdm poriadne zabra\u0165 a\u00a0rozhodne bola \u0165a\u017e\u0161ia ako MIDDLE, bola ove\u013ea viac cez ba\u017einy, a u\u017e aj kv\u00f4li cie\u013eovej rovinke, ktor\u00e1 bola 230 m po pl\u00e1\u017ei, teda po naozaj vra\u017eednom piesku, ktor\u00fd n\u00e1m v\u0161etk\u00fdm dal riadne zabra\u0165. Ke\u010f u\u017e sme dobehli, boli sme radi, \u017ee m\u00e1me v\u0161etky etapy za sebou a\u00a0u\u017e sme iba netrpezlivo o\u010dak\u00e1vali v\u00fdsledky na\u0161ich s\u00faperov. A\u00a0potom to pri\u0161lo &#8230; vyhl\u00e1senie v\u00fdsledkov a\u00a0odovzd\u00e1vanie cien za obidve etapy. Farmaceuti na tohtoro\u010dnom CESOME naozaj uspeli,\u00a0pozbierali mnoho ocenen\u00ed a\u00a0pridali si prv\u00e9 body do rankingu. Lea Kotuliakov\u00e1 (W12) sa obidva dni umiestnila na 1. mieste a\u00a0o\u00a0viac ako 3 min\u00faty porazila v\u0161etky svoje s\u00faperky.\u00a0 Filip Bukov\u00e1c (M14) nakoniec vylep\u0161il svoje \u010dasy a skon\u010dil na 1. mieste, Tom\u00e1\u0161 Kasza (M14) sa umiestnil za Filipom na 2. mieste, Rebecca Herna (W14) s\u00edce na LONGU skon\u010dila tesne druh\u00e1, ale aj napriek tomu celkovo obsadila \u00fa\u017easn\u00e9 1. miesto, Tereza Kendrov\u00e1 skon\u010dila v\u00a0obidva dni tretia, tak\u017ee celkom zasl\u00fa\u017eene obsadila 3. miesto. Z\u00a0dospel\u00e1kov bodovali Peter Bohu\u0161 (K3) na 1. mieste a\u00a0Tibor Novosad (K3) na 3. mieste, Pavol Bukov\u00e1c (M21E) v\u00a0hlavnej kateg\u00f3rii tesne skon\u010dil na 2. mieste, Martin Borsk\u00fd (M40) na 1. mieste, Magda Hrabo\u0161ov\u00e1 (W20A) na 3. mieste, Marta Wartiakov\u00e1 (W35A) na kr\u00e1snom 1. mieste a\u00a0na stupni st\u00e1la spolu s\u00a0Alenkou Bukov\u00e1covou (W35A), ktor\u00e1 sa aj napriek zdravotn\u00fdm komplik\u00e1ciam umiestnila na 3. mieste a Hana \u0160mel\u00edkov\u00e1 (W45A) na 2. mieste. Mysl\u00edm si, \u017ee v\u0161etky ocenenia, ktor\u00e9 sme pozbierali, s\u00fa naozaj dostato\u010dnou odmenou za ka\u017ed\u00fd jeden tr\u00e9ning \u010di s\u00fastredenie, kde sme zo seba vydali to najlep\u0161ie.<\/p>\n<p>&nbsp;<\/p>\n<p><strong>U\u017e sa te\u0161\u00edme na \u010fa\u013e\u0161\u00ed CESOM!<\/strong><\/p>\n<p><strong>A\u00a0ako by som zhodnotila trate W14? <\/strong>(z poh\u013eadu Terezy Kendrovej)<\/p>\n<p>V\u00a0obidva dni sme mali naozaj \u013eahk\u00e9 trate. Na tohtoro\u010dnom CESOME sme mali MIDDLE cel\u00fd po cest\u00e1ch a\u00a0LONG bol trochu \u0165a\u017e\u0161\u00ed, ale zas nie nie\u010do, \u010do by nejak prekvapilo a\u00a0v\u00fdsledok by z\u00e1visel aj na v\u00fdbere postupu.<\/p>\n<p><strong>A\u00a0ako by som zhodnotil trate M14 <\/strong>(z poh\u013eadu Tom\u00e1\u0161a Kaszu a\u00a0Kuba Ber\u010d\u00edka)<\/p>\n<p>Prv\u00e1 etapa MIDDLE bola ve\u013em be\u017eeck\u00e1, sam\u00e9 azimuty, ale\u00a0nie tak\u00e9 n\u00e1ro\u010dn\u00e9, ako by si \u010dlovek myslel. Druh\u00e1 etapa LONG bola tie\u017e ve\u013emi be\u017eeck\u00e1, trochu menej azimutov\u00e1 a\u00a0n\u00e1ro\u010dnej\u0161ia na mapovanie. Celkovo bola druh\u00e1 hor\u0161ia (asi).<\/p>\n<p><strong>A ako by som zhodnotil trate W40? (<\/strong>z poh\u013eadu Krist\u00ednky Komanovej)<\/p>\n<p>Obe trate boli d\u013a\u017ekovo primeran\u00e9 kateg\u00f3rie. Middle bol preva\u017ene zameran\u00fd na azimuty, cesty som vyu\u017e\u00edvala minim\u00e1lne &#8211; \u201ctak\u00fd jednotv\u00e1rny ter\u00e9n\u201d. LONG bol ter\u00e9nne zauj\u00edmavej\u0161\u00ed, ale tie\u017e azimutov\u00fd, av\u0161ak dali sa na orient\u00e1ciu dobre vyu\u017ei\u0165 ter\u00e9nne prvky. Mne sa ur\u010dite viac p\u00e1\u010dil LONG.<\/p>\n<p>A <a href=\"https:\/\/photos.google.com\/share\/AF1QipOLZY3LUAz3Wa4nP-AJCYWWE6JyrFy4GOHhII-22POqW5zJGM-EESGhq0R-g-a8ZQ?key=aGJTN1B4Z3ZhNnNXelBoR2dEWTRBYmFvekxOb29R\">tuto<\/a> si m\u00f4\u017ete pozrie\u0165 nejak\u00e9 fote\u010dky od Mareka Komana.<\/p>\n","protected":false},"excerpt":{"rendered":"<p>Po roku sme zase zav\u00edtali na n\u00e1\u0161 ob\u013e\u00faben\u00fd CESOM. Po asi 3 rokoch sa nekonal v dedine\u00a0Lak\u0161\u00e1rska Nov\u00e1 Ves, ale v\u00a0meste \u0160a\u0161t\u00edn-Str\u00e1\u017ee, \u010do bola celkom v\u00edtan\u00e1, aj ke\u010f mal\u00e1 zmena. V\u0161etci sme sa na\u0148ho te\u0161ili a\u00a0v\u00a0prv\u00fd<a class=\"moretag\" href=\"http:\/\/fba.orienteering.sk\/?p=3833\">Read More&#8230;<\/a><\/p>\n","protected":false},"author":27,"featured_media":3835,"comment_status":"open","ping_status":"open","sticky":false,"template":"","format":"standard","meta":[],"categories":[20],"tags":[],"_links":{"self":[{"href":"http:\/\/fba.orienteering.sk\/index.php?rest_route=\/wp\/v2\/posts\/3833"}],"collection":[{"href":"http:\/\/fba.orienteering.sk\/index.php?rest_route=\/wp\/v2\/posts"}],"about":[{"href":"http:\/\/fba.orienteering.sk\/index.php?rest_route=\/wp\/v2\/types\/post"}],"author":[{"embeddable":true,"href":"http:\/\/fba.orienteering.sk\/index.php?rest_route=\/wp\/v2\/users\/27"}],"replies":[{"embeddable":true,"href":"http:\/\/fba.orienteering.sk\/index.php?rest_route=%2Fwp%2Fv2%2Fcomments&post=3833"}],"version-history":[{"count":2,"href":"http:\/\/fba.orienteering.sk\/index.php?rest_route=\/wp\/v2\/posts\/3833\/revisions"}],"predecessor-version":[{"id":3836,"href":"http:\/\/fba.orienteering.sk\/index.php?rest_route=\/wp\/v2\/posts\/3833\/revisions\/3836"}],"wp:featuredmedia":[{"embeddable":true,"href":"http:\/\/fba.orienteering.sk\/index.php?rest_route=\/wp\/v2\/media\/3835"}],"wp:attachment":[{"href":"http:\/\/fba.orienteering.sk\/index.php?rest_route=%2Fwp%2Fv2%2Fmedia&parent=3833"}],"wp:term":[{"taxonomy":"category","embeddable":true,"href":"http:\/\/fba.orienteering.sk\/index.php?rest_route=%2Fwp%2Fv2%2Fcategories&post=3833"},{"taxonomy":"post_tag","embeddable":true,"href":"http:\/\/fba.orienteering.sk\/index.php?rest_route=%2Fwp%2Fv2%2Ftags&post=3833"}],"curies":[{"name":"wp","href":"https:\/\/api.w.org\/{rel}","templated":true}]}}