{"id":3696,"date":"2019-01-11T14:26:15","date_gmt":"2019-01-11T12:26:15","guid":{"rendered":"http:\/\/fba.orienteering.sk\/?p=3696"},"modified":"2019-01-11T14:33:44","modified_gmt":"2019-01-11T12:33:44","slug":"rok-2018-v-nasom-klube","status":"publish","type":"post","link":"http:\/\/fba.orienteering.sk\/?p=3696","title":{"rendered":"ROK 2018 V NA\u0160OM KLUBE"},"content":{"rendered":"<ul>\n<li><strong>ROK 2018 V\u00a0NA\u0160OM KLUBE<\/strong><\/li>\n<\/ul>\n<p><strong>Pretek\u00e1rska \u010dinnos\u0165:<\/strong><br \/>\n\u010clenovia n\u00e1\u0161ho klubu sa presadzovali predov\u0161etk\u00fdm v\u00a0s\u00fa\u0165a\u017eiach sekcie orienta\u010dn\u00e9ho behu a\u00a0presnej orient\u00e1cie. V\u00a0men\u0161ej miere sa niektor\u00ed jednotlivci z\u00fa\u010dastnili pretekov v\u00a0ly\u017eiarskom orienta\u010dnom behu a\u00a0orienta\u010dnej cyklistike.<\/p>\n<ul>\n<li><b><strong>Presn\u00e1 orient\u00e1cia<\/strong><\/b><\/li>\n<\/ul>\n<p>Boli tu do dosiahnut\u00e9 najv\u00fdraznej\u0161ie \u00faspechy, pri\u010dom na\u0161i pretek\u00e1ri absolvovali s\u00fa\u0165a\u017ee najvy\u0161\u0161ieho Eur\u00f3pskeho a\u00a0svetov\u00e9ho v\u00fdznamu.<\/p>\n<p><strong>Majstrovstv\u00e1 Eur\u00f3py.<\/strong> V\u00a0slovensk\u00fdch farb\u00e1ch nast\u00fapili \u0160imon Mi\u017e\u00far, Pavol Bukov\u00e1c a\u00a0Silvia Shahzad. \u0160imon s\u00a0Pa\u013eom prispeli k\u00a0vynikaj\u00facemu 5. miestu \u0161tafety\u00a0 a\u00a0v\u00a0jednotlivcoch sa Pa\u013eo umiestnil v\u00a0disci-pl\u00edne TempO na v\u00fdbornom 12. mieste a \u00a0\u0160imon na 29. mieste. V\u00a0discipl\u00edne PreO skon\u010dila\u00a0 v\u00a0kateg\u00f3rii Para Silvia Shahzad na 36. mieste.<\/p>\n<p><strong>Majstrovstv\u00e1 sveta. <\/strong>Do fin\u00e1le TempO post\u00fapili v\u0161etci na\u0161i reprezentanti (Pavol Bukov\u00e1c, Du\u0161an Furucz a J\u00e1n Furucz). Vo fin\u00e1le obsadil a\u00a0Janko 2.miesto, Du\u0161an 8.miesto a Pa\u013eo 18.miesto. V\u00a0discipl\u00edne PreO sa op\u00e4\u0165 v\u00fdrazne presadil J\u00e1n Furucz, ktor\u00fd z\u00edskal titul Majstra sveta.<\/p>\n<p><strong>Majstrovstv\u00e1 Slovenska.<br \/>\n<\/strong>V\u00a0discipl\u00edne TempO zv\u00ed\u0165azil Janko Furucz a na 3. mieste skon\u010dil Ivo Ti\u0161ljar a\u00a0v\u00a0discipl\u00edne Pre O\u00a0bol Janko Furucz druh\u00fd a\u00a0na 3. mieste skon\u010dil Pa\u013eo Bukov\u00e1c.<\/p>\n<p><strong>Svetov\u00fd ranking v presnej orient\u00e1cii<\/strong>. \u00a0Od minul\u00e9ho roka sleduje medzin\u00e1rodn\u00e1 feder\u00e1cia orien-ta\u010dn\u00fdch \u0161portov IOF aj ranking v\u00a0presnej orient\u00e1cii, kde sa z\u00a0na\u0161ich z\u00e1stupcov najviac presadil J\u00e1n Furucz, ktor\u00fd skon\u010dil na 3. Mieste a\u00a0okrem toho ho IOF vyhl\u00e1silo za naj\u00faspe\u0161nej\u0161ieho \u0161portovca v\u00a0presnej orient\u00e1cii.<\/p>\n<p><strong>V\u00a0roku 2019 n\u00e1s bud\u00fa reprezentova\u0165: <\/strong>J\u00e1n Furucz, Du\u0161an Furucz, Pavol Bukov\u00e1c a\u00a0\u0160imon Mi\u017e\u00far. Ved\u00facim tr\u00e9nerom slovenskej reprezent\u00e1cie v presnej orient\u00e1cii sa stal Janko Furucz.<\/p>\n<ul>\n<li><b><strong>S\u00fa\u0165a\u017ee v\u00a0orienta\u010dnom behu:<\/strong><\/b><\/li>\n<\/ul>\n<p>V\u00a0dlhodobej s\u00fa\u0165a\u017ei v\u00a0slovenskom rebr\u00ed\u010dku dru\u017estiev skon\u010dil FARMACEUT na 4. mieste za v\u00ed\u0165azn\u00fdmi ATU Ko\u0161ice, na druhom mieste skon\u010dil Sokol Pezinok a\u00a0na tre\u0165om mieste Sl\u00e1via \u017dilina. V\u00a0poh\u00e1ri predsedu SZO\u0160 skon\u010dilo na\u0161e dru\u017estvo ml\u00e1de\u017en\u00edkov na vynikaj\u00facom 2. mieste za Sokolom Pezinok a\u00a0tre\u0165om mieste skon\u010dili be\u017eci SKS Bratislava.<\/p>\n<p>Na stupne v\u00ed\u0165azov Majstrovstiev Slovenska sa v\u00a0uplynulom roku postavili t\u00edto na\u0161i pretek\u00e1ri:<\/p>\n<p><strong>2.6.2018 MSR \u2013 kr\u00e1tka tra\u0165 &#8211; Kysak<\/strong><\/p>\n<p>M14: 2. miesto Filip Bukov\u00e1c,<br \/>\n3.mesto Tom\u00e1\u0161 Kasza<br \/>\nW14: 3. miesto Rebecca Herna<br \/>\nW18: 3. miesto Tereza Pru\u017eincov\u00e1<br \/>\nW35: 2. miesto Alena Bukov\u00e1cov\u00e1<br \/>\nW45: 1. miesto Hana \u0160mel\u00edkov\u00e1<\/p>\n<p><strong>3.6.2018 MSR \u2013 \u0161tafety &#8211; Kysak<\/strong><br \/>\nM14: 2. miesto Filip Bukov\u00e1c, Tom\u00e1\u0161 Kasza<br \/>\nW18: 2. miesto Tereza Pru\u017eincov\u00e1, Rebecca Herna, Michaela Patassiov\u00e1<br \/>\nW105: 1. miesto Hana \u0160mel\u00edkov\u00e1, Krist\u00edna Komanov\u00e1, Alena Bukov\u00e1cov\u00e1<\/p>\n<p><strong>16.6.2018 MSR \u2013 \u0161print &#8211; \u0160amor\u00edn<\/strong><br \/>\nM14: 3. miesto Filip Bukov\u00e1c<br \/>\nM21: 1. miesto Pa\u013eo Bukov\u00e1c<br \/>\nM40: 2. miesto Martin Borsk\u00fd<br \/>\nW18: 2. miesto Tereza Pru\u017eincov\u00e1<br \/>\nW45: 1. miesto Hana \u0160mel\u00edkov\u00e1<\/p>\n<p><strong>16.9.2018 MSR \u2013 dlh\u00e1 tra\u0165 &#8211; Kladky<\/strong><br \/>\nM14: 1. miesto Filip Bukov\u00e1c<br \/>\nM21: 2. miesto Pa\u013eo Bukov\u00e1c<br \/>\nW14: 1. miesto Rebecca Herna<br \/>\nW35: 3. miesto Alena Bukov\u00e1cov\u00e1<br \/>\nW40: 3. miesto Krist\u00edna Komanov\u00e1<\/p>\n<p><strong>21.9.2018 MSR \u2013 no\u010dn\u00fd<br \/>\n<\/strong>M35: 2. miesto Peter Bohu\u0161<br \/>\nM40: 2. miesto Du\u0161an Hrn\u010diar<br \/>\nW40: 1. miesto Alena Bukov\u00e1cov\u00e1<br \/>\n3.miesto Krist\u00edna Komanov\u00e1<br \/>\nW45: 1. miesto Hana \u0160mel\u00edkov\u00e1<\/p>\n<p><strong>23.9.2018 MSR \u2013 \u0161printov\u00e9 \u0161tafety &#8211; Nov\u00e9 Mesto nad V\u00e1hom<\/strong><br \/>\nMW35: 2. miesto Hana \u0160mel\u00edkov\u00e1, Peter Glon\u010d\u00e1k<br \/>\nMW55: 3. miesto Jana Mi\u017e\u00farov\u00e1, L\u00e1szl\u00f3 Prill<\/p>\n<p><strong>Celkovo sme z\u00edskali v\u00a0s\u00fa\u0165a\u017eiach orienta\u010dn\u00e9ho behu 8 zlat\u00fdch, 10 strieborn\u00fdch a 8 bronzov\u00fdch medail\u00ed.<\/strong><\/p>\n<p><strong>V\u00a0Slovenskom rebr\u00ed\u010dku jednotlivcov<\/strong> vo svojich kateg\u00f3ri\u00e1ch obsadili stupne v\u00ed\u0165azov:<\/p>\n<ul>\n<li>1.miesto Filip Bukov\u00e1c M14, Martin Borsk\u00fd M40, Hana \u0160mel\u00edkov\u00e1 W45<\/li>\n<li>2.miesto Lea Kotuliakov\u00e1 W12<\/li>\n<li>3.miesto Rebecca Herna W14, Alena Bukov\u00e1cov\u00e1 W35, Karol Paluska M12, Pa\u013eo Bukov\u00e1c M21<\/li>\n<\/ul>\n<p>Ve\u013ek\u00fd po\u010det na\u0161ich \u010dlenov sa z\u00fa\u010dast\u0148ovalo pretekov oblastn\u00e9ho rebr\u00ed\u010dka ZO \u2013 Sanasport cupu. Tieto preteky s\u00fa vhodn\u00e9 hlavne pre na\u0161ich rekrea\u010dn\u00fdch be\u017ecov. V\u00a0tomto rebr\u00ed\u010dku sme mali dvoch v\u00ed\u0165azov: v\u00a0kateg\u00f3rii M40 Martin Borsk\u00fd a\u00a0v\u00a0kateg\u00f3rii W14 Rebecca Herna.<\/p>\n<p>Do CTM (<strong>Centra talentovanej ml\u00e1de\u017ee<\/strong>) pre rok 2019 boli zaraden\u00ed Filip Bukov\u00e1c a\u00a0Rebecca Herna.<\/p>\n<p><strong>Nomina\u010dn\u00e9 preteky na \u0161kolsk\u00e9 Majstrovstv\u00e1 sveta 2019 Est\u00f3nsko<\/strong><br \/>\nV\u00a0\u0161kolsk\u00fdch dresoch Gymn\u00e1zia Gr\u00f6sslingova (ale orien\u0165\u00e1ckym p\u00f4vodom v\u0161etci \u010dlenovia FBA) sa nominovali \u017eiaci z\u00a01. miesta v\u00a0zlo\u017een\u00ed: <strong>Filip Bukov\u00e1c, Viktor Kotuliak, Tom\u00e1\u0161 Kasza, Jakub Ber\u010d\u00edk a\u00a0Adam Grambli\u010dka. <\/strong><\/p>\n<p><strong>Organiza\u010dn\u00e1 \u010dinnos\u0165:<\/strong><\/p>\n<ul>\n<li><b><strong>Preteky:<\/strong><\/b><\/li>\n<\/ul>\n<p>Najd\u00f4le\u017eitej\u0161ou \u00falohou pre tento rok bolo \u00faspe\u0161n\u00e9 zorganizovanie Majstrovstiev Eur\u00f3py v\u00a0presnej orient\u00e1cii na prelome apr\u00edla a\u00a0m\u00e1ja. V\u00a0kone\u010dnom hodnoten\u00ed z\u00a0poh\u013eadu funkcion\u00e1rov IOF dopadli ve\u013emi dobre.<\/p>\n<p>Tradi\u010dne sme pripravili \u0161kolsk\u00e9 obvodn\u00e9 kol\u00e1 v\u00a0orienta\u010dnom behu a\u00a0prispeli sme k\u00a0organiz\u00e1cii \u0161kolsk\u00fdch Majstrovstiev Bratislavsk\u00e9ho kraja.<\/p>\n<p>Na jese\u0148 sme usporiadali oblastn\u00e9 preteky \u0161printov\u00fdch \u0161tafiet Dunajsk\u00e1 buzola.<\/p>\n<ul>\n<li><b><strong>Tr\u00e9ningov\u00e1 pr\u00edprava:<\/strong><\/b><\/li>\n<\/ul>\n<p>Ve\u013ek\u00e9 \u00fasilie sa venuje pr\u00edprave ml\u00e1de\u017ee. U\u017e po \u0161tvrt\u00fd kr\u00e1t sme usporiadali ve\u013emi \u00faspe\u0161n\u00fa akciu O-camp. \u00da\u010das\u0165 bola otvoren\u00e1 aj pre deti a\u00a0tr\u00e9nuj\u00facich dospel\u00fdch z\u00a0cel\u00e9ho Slovenska, celkov\u00e1 \u00fa\u010das\u0165 sa vy\u0161plhala na\u00a0 81. Ve\u013ek\u00e1 v\u010faka patr\u00ed \u00a0hlavne Alene a Maro\u0161ovi Bukov\u00e1covcom, ktor\u00ed pripravili po\u010das pr\u00e1zdninov\u00e9ho t\u00fd\u017ed\u0148a pre v\u0161etk\u00fdch \u00fa\u010dastn\u00edkov 12 mapov\u00fdch tr\u00e9ningov v\u00a0lokalite Milovy na Morave. Celoro\u010dn\u00e1 tr\u00e9ningov\u00e1 \u010dinnos\u0165 prebiehala pravidelne 3-4 kr\u00e1t v\u00a0pracovnom t\u00fd\u017edni a po\u010das v\u00edkendov sme sa z\u00fa\u010dast\u0148ovali pretekov na Slovensku a v\u00a0zahrani\u010d\u00ed. Sme ve\u013emi radi, \u017ee k\u00a0tr\u00e9nerskej dvojici Alena a\u00a0Maro\u0161 Bukov\u00e1c sa pripojil aj Marek Koman, ktor\u00fd zastre\u0161uje silov\u00fa pr\u00edpravu det\u00ed. Pre \u010dlenov klubu sme zorganizovali 6 v\u00edkendov\u00fdch s\u00fastreden\u00ed zameran\u00fdch na mapov\u00fa pr\u00edpravu a\u00a0popri viacer\u00fdch v\u00edkendov\u00fdch v\u00fdjazdoch na preteky sme aj tr\u00e9novali.<\/p>\n<p><strong>Funkcion\u00e1rska \u010dinnos\u0165:<\/strong><\/p>\n<p><strong>V\u00a0r\u00e1mci SZO\u0160 zast\u00e1vali na\u0161i \u010dlenovia v\u00fdznamn\u00e9 poz\u00edcie:<\/strong><\/p>\n<ul>\n<li>podpredseda a hospod\u00e1r SZO\u0160: J\u00e1n Mi\u017e\u00far<\/li>\n<li>predseda Disciplin\u00e1rnej komisie SZO\u0160: Du\u0161an Hrn\u010diar<\/li>\n<li>tr\u00e9ner akademickej reprezent\u00e1cie SR v OB: J\u00e1n Mi\u017e\u00far<\/li>\n<li>tr\u00e9ner reprezent\u00e1cie presnej orient\u00e1cie: J\u00e1n Furucz<\/li>\n<\/ul>\n<p>J\u00e1n Mi\u017e\u00far sa v\u00a0minulom roku stal hlavn\u00fdm kontrol\u00f3rom Slovensk\u00e9ho olympijsk\u00e9ho v\u00fdboru, ktor\u00fd sa d\u0148a 7.12.2018 stal stre\u0161nou organiz\u00e1ciou slovensk\u00e9ho \u0161portu s\u00a0n\u00e1zvom Slovensk\u00fd olympijsk\u00fd a\u00a0\u0161portov\u00fd v\u00fdbor.<\/p>\n<p>spracovali: Hanka \u0160mel\u00edkov\u00e1, Alena Bukov\u00e1cov\u00e1, J\u00e1n Mi\u017e\u00far<\/p>\n","protected":false},"excerpt":{"rendered":"<p>ROK 2018 V\u00a0NA\u0160OM KLUBE Pretek\u00e1rska \u010dinnos\u0165: \u010clenovia n\u00e1\u0161ho klubu sa presadzovali predov\u0161etk\u00fdm v\u00a0s\u00fa\u0165a\u017eiach sekcie orienta\u010dn\u00e9ho behu a\u00a0presnej orient\u00e1cie. V\u00a0men\u0161ej miere sa niektor\u00ed jednotlivci z\u00fa\u010dastnili pretekov v\u00a0ly\u017eiarskom orienta\u010dnom behu a\u00a0orienta\u010dnej cyklistike. Presn\u00e1 orient\u00e1cia Boli tu do dosiahnut\u00e9<a class=\"moretag\" href=\"http:\/\/fba.orienteering.sk\/?p=3696\">Read More&#8230;<\/a><\/p>\n","protected":false},"author":2,"featured_media":0,"comment_status":"open","ping_status":"open","sticky":false,"template":"","format":"standard","meta":[],"categories":[11],"tags":[],"_links":{"self":[{"href":"http:\/\/fba.orienteering.sk\/index.php?rest_route=\/wp\/v2\/posts\/3696"}],"collection":[{"href":"http:\/\/fba.orienteering.sk\/index.php?rest_route=\/wp\/v2\/posts"}],"about":[{"href":"http:\/\/fba.orienteering.sk\/index.php?rest_route=\/wp\/v2\/types\/post"}],"author":[{"embeddable":true,"href":"http:\/\/fba.orienteering.sk\/index.php?rest_route=\/wp\/v2\/users\/2"}],"replies":[{"embeddable":true,"href":"http:\/\/fba.orienteering.sk\/index.php?rest_route=%2Fwp%2Fv2%2Fcomments&post=3696"}],"version-history":[{"count":1,"href":"http:\/\/fba.orienteering.sk\/index.php?rest_route=\/wp\/v2\/posts\/3696\/revisions"}],"predecessor-version":[{"id":3697,"href":"http:\/\/fba.orienteering.sk\/index.php?rest_route=\/wp\/v2\/posts\/3696\/revisions\/3697"}],"wp:attachment":[{"href":"http:\/\/fba.orienteering.sk\/index.php?rest_route=%2Fwp%2Fv2%2Fmedia&parent=3696"}],"wp:term":[{"taxonomy":"category","embeddable":true,"href":"http:\/\/fba.orienteering.sk\/index.php?rest_route=%2Fwp%2Fv2%2Fcategories&post=3696"},{"taxonomy":"post_tag","embeddable":true,"href":"http:\/\/fba.orienteering.sk\/index.php?rest_route=%2Fwp%2Fv2%2Ftags&post=3696"}],"curies":[{"name":"wp","href":"https:\/\/api.w.org\/{rel}","templated":true}]}}