{"id":3305,"date":"2018-05-05T00:16:25","date_gmt":"2018-05-04T22:16:25","guid":{"rendered":"http:\/\/fba.orienteering.sk\/?p=3305"},"modified":"2019-04-09T16:06:28","modified_gmt":"2019-04-09T14:06:28","slug":"etoc-2018-je-uspesne-za-nami","status":"publish","type":"post","link":"http:\/\/fba.orienteering.sk\/?p=3305","title":{"rendered":"ETOC 2018 je \u00faspe\u0161ne za nami"},"content":{"rendered":"<p style=\"text-align: justify;\">Po\u010das uplynul\u00e9ho dlh\u00e9ho v\u00edkendu 27.4 &#8211; 1.5.2018 vyvrcholili v\u0161etky pr\u00edpravy ETOC-u a pretavili sa do samotn\u00e9ho podujatia. Na\u0161a mal\u00e1 h\u0155stka &#8222;trailistov&#8220; bola rozdelen\u00e1 do dvoch opa\u010dn\u00fdch poz\u00edci\u00ed. Janko a Du\u0161an Furuczovci<\/p>\n<p style=\"text-align: justify;\"><a href=\"http:\/\/fba.orienteering.sk\/wp-content\/uploads\/2018\/05\/spokojnos\u0165-na-tv\u00e1ri-stavite\u013ea.jpg\"><img loading=\"lazy\" class=\"alignnone size-medium wp-image-3309\" src=\"http:\/\/fba.orienteering.sk\/wp-content\/uploads\/2018\/05\/spokojnos\u0165-na-tv\u00e1ri-stavite\u013ea-300x200.jpg\" alt=\"spokojnos\u0165 na tv\u00e1ri stavite\u013ea\" width=\"300\" height=\"200\" srcset=\"http:\/\/fba.orienteering.sk\/wp-content\/uploads\/2018\/05\/spokojnos\u0165-na-tv\u00e1ri-stavite\u013ea-300x200.jpg 300w, http:\/\/fba.orienteering.sk\/wp-content\/uploads\/2018\/05\/spokojnos\u0165-na-tv\u00e1ri-stavite\u013ea.jpg 500w\" sizes=\"(max-width: 300px) 100vw, 300px\" \/><\/a><a href=\"http:\/\/fba.orienteering.sk\/wp-content\/uploads\/2018\/05\/na-Dev\u00edne.jpg\"><img loading=\"lazy\" class=\"alignnone size-medium wp-image-3306\" src=\"http:\/\/fba.orienteering.sk\/wp-content\/uploads\/2018\/05\/na-Dev\u00edne-300x200.jpg\" alt=\"na Dev\u00edne\" width=\"300\" height=\"200\" srcset=\"http:\/\/fba.orienteering.sk\/wp-content\/uploads\/2018\/05\/na-Dev\u00edne-300x200.jpg 300w, http:\/\/fba.orienteering.sk\/wp-content\/uploads\/2018\/05\/na-Dev\u00edne.jpg 500w\" sizes=\"(max-width: 300px) 100vw, 300px\" \/><\/a><\/p>\n<p style=\"text-align: justify;\">boli t\u00fdmi najvy\u0161\u0161\u00edmi organiz\u00e1tormi, ktor\u00ed to cel\u00e9 sp\u00edskali a niesli na svojich pleciach. Tak\u017ee pod ich rukami a v ich hlav\u00e1ch\u00a0 vznikli hlavne nov\u00e9 mapy a trate, s ktor\u00fdmi v poz\u00edcii pretek\u00e1rov\u00a0 v slovenskom reprezenta\u010dnom drese z\u00e1pasili \u0160imon Mi\u017e\u00far, Palo Bukovac a Silvia Shahzad<\/p>\n<p style=\"text-align: justify;\"><a href=\"http:\/\/fba.orienteering.sk\/wp-content\/uploads\/2018\/05\/PreOday2-\u0160imi-v-akcii.jpg\"><img loading=\"lazy\" class=\"alignnone size-medium wp-image-3310\" src=\"http:\/\/fba.orienteering.sk\/wp-content\/uploads\/2018\/05\/PreOday2-\u0160imi-v-akcii-300x200.jpg\" alt=\"PreOday2-\u0160imi v akcii\" width=\"300\" height=\"200\" srcset=\"http:\/\/fba.orienteering.sk\/wp-content\/uploads\/2018\/05\/PreOday2-\u0160imi-v-akcii-300x200.jpg 300w, http:\/\/fba.orienteering.sk\/wp-content\/uploads\/2018\/05\/PreOday2-\u0160imi-v-akcii.jpg 500w\" sizes=\"(max-width: 300px) 100vw, 300px\" \/><\/a><a href=\"http:\/\/fba.orienteering.sk\/wp-content\/uploads\/2018\/05\/Silvia-na-\u010dasovke.jpg\"><img loading=\"lazy\" class=\"alignnone size-medium wp-image-3313\" src=\"http:\/\/fba.orienteering.sk\/wp-content\/uploads\/2018\/05\/Silvia-na-\u010dasovke-300x200.jpg\" alt=\"Silvia na \u010dasovke\" width=\"300\" height=\"200\" srcset=\"http:\/\/fba.orienteering.sk\/wp-content\/uploads\/2018\/05\/Silvia-na-\u010dasovke-300x200.jpg 300w, http:\/\/fba.orienteering.sk\/wp-content\/uploads\/2018\/05\/Silvia-na-\u010dasovke.jpg 500w\" sizes=\"(max-width: 300px) 100vw, 300px\" \/><\/a><a href=\"http:\/\/fba.orienteering.sk\/wp-content\/uploads\/2018\/05\/Maro\u0161ove-dielo.jpg\"><img loading=\"lazy\" class=\"alignnone size-medium wp-image-3322\" src=\"http:\/\/fba.orienteering.sk\/wp-content\/uploads\/2018\/05\/Maro\u0161ove-dielo-300x200.jpg\" alt=\"Maro\u0161ove dielo\" width=\"300\" height=\"200\" srcset=\"http:\/\/fba.orienteering.sk\/wp-content\/uploads\/2018\/05\/Maro\u0161ove-dielo-300x200.jpg 300w, http:\/\/fba.orienteering.sk\/wp-content\/uploads\/2018\/05\/Maro\u0161ove-dielo-1024x682.jpg 1024w, http:\/\/fba.orienteering.sk\/wp-content\/uploads\/2018\/05\/Maro\u0161ove-dielo-600x400.jpg 600w, http:\/\/fba.orienteering.sk\/wp-content\/uploads\/2018\/05\/Maro\u0161ove-dielo.jpg 2000w\" sizes=\"(max-width: 300px) 100vw, 300px\" \/><\/a><a href=\"http:\/\/fba.orienteering.sk\/wp-content\/uploads\/2018\/05\/PreOday2-Palo-v-akcii1.jpg\"><img loading=\"lazy\" class=\"alignnone size-medium wp-image-3323\" src=\"http:\/\/fba.orienteering.sk\/wp-content\/uploads\/2018\/05\/PreOday2-Palo-v-akcii1-300x169.jpg\" alt=\"PreOday2-Palo v akcii\" width=\"300\" height=\"169\" srcset=\"http:\/\/fba.orienteering.sk\/wp-content\/uploads\/2018\/05\/PreOday2-Palo-v-akcii1-300x169.jpg 300w, http:\/\/fba.orienteering.sk\/wp-content\/uploads\/2018\/05\/PreOday2-Palo-v-akcii1.jpg 600w\" sizes=\"(max-width: 300px) 100vw, 300px\" \/><\/a><\/p>\n<p style=\"text-align: justify;\">A \u017ee im to ide na oboch frontoch, to vidie\u0165 na v\u00fdsledkoch. Najv\u00fdraznej\u0161ie sa chalani presadili v \u0161tafet\u00e1ch na Dev\u00edne v kateg\u00f3rii OPEN. Spolu s Terezou Miklu\u0161ovou (RBA) obsadili\u00a0 v\u00fdborn\u00e9 5.miesto delen\u00e9 s Nemeckom.<\/p>\n<p style=\"text-align: justify;\">V utorok 1. m\u00e1ja bolo vidie\u0165 \u0160imona a Pala vo fin\u00e1le TempO, do ktor\u00e9ho sa prebojovali skvel\u00fdmi v\u00fdkonmi v kvalifik\u00e1cii. Palo bol v kvalifik\u00e1cii druh\u00fd a \u0160imi deviaty. Vo ve\u013emi n\u00e1ro\u010dnom fin\u00e1le obsadil Palo\u00a0pekn\u00fa 12. prie\u010dku a \u0160imi 30-tu.<\/p>\n<p style=\"text-align: justify;\"><a href=\"http:\/\/fba.orienteering.sk\/wp-content\/uploads\/2018\/05\/na\u0161i-najlep\u0161\u00ed-a-na\u0161e-najkraj\u0161ie.jpg\"><img loading=\"lazy\" class=\"alignnone size-medium wp-image-3308\" src=\"http:\/\/fba.orienteering.sk\/wp-content\/uploads\/2018\/05\/na\u0161i-najlep\u0161\u00ed-a-na\u0161e-najkraj\u0161ie-300x200.jpg\" alt=\"na\u0161i najlep\u0161\u00ed a na\u0161e najkraj\u0161ie\" width=\"300\" height=\"200\" srcset=\"http:\/\/fba.orienteering.sk\/wp-content\/uploads\/2018\/05\/na\u0161i-najlep\u0161\u00ed-a-na\u0161e-najkraj\u0161ie-300x200.jpg 300w, http:\/\/fba.orienteering.sk\/wp-content\/uploads\/2018\/05\/na\u0161i-najlep\u0161\u00ed-a-na\u0161e-najkraj\u0161ie.jpg 500w\" sizes=\"(max-width: 300px) 100vw, 300px\" \/><\/a><a href=\"http:\/\/fba.orienteering.sk\/wp-content\/uploads\/2018\/05\/\u0161tafety-5.m.jpg\"><img loading=\"lazy\" class=\"alignnone size-medium wp-image-3319\" src=\"http:\/\/fba.orienteering.sk\/wp-content\/uploads\/2018\/05\/\u0161tafety-5.m-300x225.jpg\" alt=\"\u0161tafety 5.m\" width=\"300\" height=\"225\" srcset=\"http:\/\/fba.orienteering.sk\/wp-content\/uploads\/2018\/05\/\u0161tafety-5.m-300x225.jpg 300w, http:\/\/fba.orienteering.sk\/wp-content\/uploads\/2018\/05\/\u0161tafety-5.m.jpg 500w\" sizes=\"(max-width: 300px) 100vw, 300px\" \/><\/a><\/p>\n<p style=\"text-align: justify;\">A my ostatn\u00ed, ktor\u00ed holdujeme orienta\u010dn\u00e9mu behu a trailu nerozumieme (vlastne- teraz po ETOCu u\u017e trochu \u00e1no), sme pom\u00e1hali, ako najviac sme vedeli. Sn\u00e1\u010f aj v\u010faka tomu bol advisor Ari TERTSUNEN\u00a0z F\u00ednska spokojn\u00fd.<\/p>\n<p style=\"text-align: justify;\"><a href=\"http:\/\/fba.orienteering.sk\/wp-content\/uploads\/2018\/05\/advisor-Ari.jpg\"><img loading=\"lazy\" class=\"alignnone size-medium wp-image-3314\" src=\"http:\/\/fba.orienteering.sk\/wp-content\/uploads\/2018\/05\/advisor-Ari-300x200.jpg\" alt=\"advisor Ari\" width=\"300\" height=\"200\" srcset=\"http:\/\/fba.orienteering.sk\/wp-content\/uploads\/2018\/05\/advisor-Ari-300x200.jpg 300w, http:\/\/fba.orienteering.sk\/wp-content\/uploads\/2018\/05\/advisor-Ari.jpg 500w\" sizes=\"(max-width: 300px) 100vw, 300px\" \/><\/a><a href=\"http:\/\/fba.orienteering.sk\/wp-content\/uploads\/2018\/05\/Filip-v-akcii.jpg\"><img loading=\"lazy\" class=\"alignnone size-medium wp-image-3321\" src=\"http:\/\/fba.orienteering.sk\/wp-content\/uploads\/2018\/05\/Filip-v-akcii-300x169.jpg\" alt=\"Filip v akcii\" width=\"300\" height=\"169\" srcset=\"http:\/\/fba.orienteering.sk\/wp-content\/uploads\/2018\/05\/Filip-v-akcii-300x169.jpg 300w, http:\/\/fba.orienteering.sk\/wp-content\/uploads\/2018\/05\/Filip-v-akcii.jpg 600w\" sizes=\"(max-width: 300px) 100vw, 300px\" \/><\/a><\/p>\n<p style=\"text-align: justify;\">&#8230;a riadite\u013e pretekov Du\u0161an to nakoniec zakon\u010dil takto:<\/p>\n<div style=\"text-align: justify;\">\n<div>Mil\u00ed \u0161portov\u00ed priatelia,<\/div>\n<div><\/div>\n<p>chcel by som sa V\u00e1m takto dodato\u010dne po\u010fakova\u0165 za pomoc pri organizovan\u00ed Majstrovstiev Eur\u00f3py v Presnej Orient\u00e1cii. Preteky pod\u013ea ohlasov pretek\u00e1rov dopadli v\u00fdborne a je to predov\u0161etk\u00fdm Va\u0161a z\u00e1sluha. Ka\u017ed\u00fd z V\u00e1s \u010di u\u017e pracoval na malej, alebo ve\u013ekej\u00a0<span id=\"m_8274739490950536212:2lj.7\">\u00falohe<\/span>\u00a0tvoril to potrebn\u00e9 koliesko v na\u0161om ve\u013ekom stroji bez ktor\u00e9ho by sme nevedeli fungova\u0165. A \u017ee sme boli dobr\u00fd kolekt\u00edv ukazuje aj prilo\u017een\u00e1 fotka. Pod\u013ea IOF a pretek\u00e1rov sme boli v niektor\u00fdch veciach ve\u013emi inovat\u00edvni (ako prv\u00fd sme mali stupne v\u00ed\u0165azov pre voz\u00ed\u010dkarov, skladate\u013en\u00e1 vlajkosl\u00e1va a sto\u017eiar pr\u00edjemne \u0161okovali a syst\u00e9m razenia pre SI si dokonca taliani po\u017ei\u010dali na organizovanie Eur\u00f3pskeho Poh\u00e1ra). Nebudem menova\u0165 kto je za to zodpovedn\u00fd (v\u0161etci aj tak vieme, \u017ee mysl\u00edm na Maro\u0161a Bukov\u00e1ca).<br \/>\n\ud83d\ude42<\/p>\n<\/div>\n<div style=\"text-align: justify;\">Mali sme vlastne ako jedny z prv\u00fdch pri pretekoch v Presnej Orient\u00e1cii online prenos z ter\u00e9nu, pou\u017eili sme \u010falek\u00e9 kontroly, fungovala n\u00e1m skvelo doprava a s pracovanie v\u00fdsledkov bolo tie\u017e na skvelej \u00farovni. Takto by som, ale mohol menova\u0165 postupne v\u0161etk\u00fdch z V\u00e1s a popisova\u0165 v\u0161etky Va\u0161e \u010dinnosti po\u010das tohto dlh\u00e9ho t\u00fd\u017ed\u0148a. D\u00fafam, \u017ee mi odpust\u00edte ak nebudem spom\u00edna\u0165 ka\u017ed\u00e9ho zvl\u00e1\u0161\u0165. Pretek\u00e1ri boli od za\u010diato\u010dn\u00e9ho modelu a\u017e po z\u00e1vere\u010dn\u00fd banket ohromen\u00ed na\u0161ou pohostinnos\u0165ou a pr\u00edstupom k organizovaniu. Boli ste proste skvel\u00ed.<\/div>\n<div style=\"text-align: justify;\"><a href=\"http:\/\/fba.orienteering.sk\/wp-content\/uploads\/2018\/05\/Skvel\u00e1-modr\u00e1-parti\u010dka1.jpg\"><img loading=\"lazy\" class=\"alignnone size-medium wp-image-3317\" src=\"http:\/\/fba.orienteering.sk\/wp-content\/uploads\/2018\/05\/Skvel\u00e1-modr\u00e1-parti\u010dka1-300x169.jpg\" alt=\"Skvel\u00e1 modr\u00e1 parti\u010dka\" width=\"300\" height=\"169\" srcset=\"http:\/\/fba.orienteering.sk\/wp-content\/uploads\/2018\/05\/Skvel\u00e1-modr\u00e1-parti\u010dka1-300x169.jpg 300w, http:\/\/fba.orienteering.sk\/wp-content\/uploads\/2018\/05\/Skvel\u00e1-modr\u00e1-parti\u010dka1.jpg 1000w\" sizes=\"(max-width: 300px) 100vw, 300px\" \/><\/a><a href=\"http:\/\/fba.orienteering.sk\/wp-content\/uploads\/2018\/05\/na\u0161e-kr\u00e1sne-baby1.jpg\"><img loading=\"lazy\" class=\"alignnone size-medium wp-image-3324\" src=\"http:\/\/fba.orienteering.sk\/wp-content\/uploads\/2018\/05\/na\u0161e-kr\u00e1sne-baby1-300x225.jpg\" alt=\"na\u0161e kr\u00e1sne baby\" width=\"300\" height=\"225\" srcset=\"http:\/\/fba.orienteering.sk\/wp-content\/uploads\/2018\/05\/na\u0161e-kr\u00e1sne-baby1-300x225.jpg 300w, http:\/\/fba.orienteering.sk\/wp-content\/uploads\/2018\/05\/na\u0161e-kr\u00e1sne-baby1.jpg 600w\" sizes=\"(max-width: 300px) 100vw, 300px\" \/><\/a><\/div>\n<div style=\"text-align: justify;\"><\/div>\n<div style=\"text-align: justify;\"><\/div>\n<div style=\"text-align: justify;\">Pou\u017eit\u00e9 fotografie s\u00fa od P. Klaboucha. Viac fotografii a viacej inform\u00e1cii m\u00f4\u017eete\u00a0vidie\u0165\u00a0<a href=\"http:\/\/www.etoc2018.sk\/\">tu<\/a>, alebo aj\u00a0<a href=\"https:\/\/www.facebook.com\/etoc2018\/\">na fb<\/a>\u00a0a tuto aj z\u00e1bery\u00a0<a href=\"https:\/\/www.youtube.com\/channel\/UCrNnXhFUHQwR19aVZCsi66A\">zhora<\/a>.<\/div>\n","protected":false},"excerpt":{"rendered":"<p>Po\u010das uplynul\u00e9ho dlh\u00e9ho v\u00edkendu 27.4 &#8211; 1.5.2018 vyvrcholili v\u0161etky pr\u00edpravy ETOC-u a pretavili sa do samotn\u00e9ho podujatia. Na\u0161a mal\u00e1 h\u0155stka &#8222;trailistov&#8220; bola rozdelen\u00e1 do dvoch opa\u010dn\u00fdch poz\u00edci\u00ed. Janko a Du\u0161an Furuczovci boli t\u00fdmi najvy\u0161\u0161\u00edmi organiz\u00e1tormi, ktor\u00ed<a class=\"moretag\" href=\"http:\/\/fba.orienteering.sk\/?p=3305\">Read More&#8230;<\/a><\/p>\n","protected":false},"author":2,"featured_media":3315,"comment_status":"open","ping_status":"open","sticky":false,"template":"","format":"standard","meta":[],"categories":[1],"tags":[],"_links":{"self":[{"href":"http:\/\/fba.orienteering.sk\/index.php?rest_route=\/wp\/v2\/posts\/3305"}],"collection":[{"href":"http:\/\/fba.orienteering.sk\/index.php?rest_route=\/wp\/v2\/posts"}],"about":[{"href":"http:\/\/fba.orienteering.sk\/index.php?rest_route=\/wp\/v2\/types\/post"}],"author":[{"embeddable":true,"href":"http:\/\/fba.orienteering.sk\/index.php?rest_route=\/wp\/v2\/users\/2"}],"replies":[{"embeddable":true,"href":"http:\/\/fba.orienteering.sk\/index.php?rest_route=%2Fwp%2Fv2%2Fcomments&post=3305"}],"version-history":[{"count":7,"href":"http:\/\/fba.orienteering.sk\/index.php?rest_route=\/wp\/v2\/posts\/3305\/revisions"}],"predecessor-version":[{"id":3329,"href":"http:\/\/fba.orienteering.sk\/index.php?rest_route=\/wp\/v2\/posts\/3305\/revisions\/3329"}],"wp:featuredmedia":[{"embeddable":true,"href":"http:\/\/fba.orienteering.sk\/index.php?rest_route=\/wp\/v2\/media\/3315"}],"wp:attachment":[{"href":"http:\/\/fba.orienteering.sk\/index.php?rest_route=%2Fwp%2Fv2%2Fmedia&parent=3305"}],"wp:term":[{"taxonomy":"category","embeddable":true,"href":"http:\/\/fba.orienteering.sk\/index.php?rest_route=%2Fwp%2Fv2%2Fcategories&post=3305"},{"taxonomy":"post_tag","embeddable":true,"href":"http:\/\/fba.orienteering.sk\/index.php?rest_route=%2Fwp%2Fv2%2Ftags&post=3305"}],"curies":[{"name":"wp","href":"https:\/\/api.w.org\/{rel}","templated":true}]}}