{"id":3299,"date":"2018-04-23T10:15:04","date_gmt":"2018-04-23T08:15:04","guid":{"rendered":"http:\/\/fba.orienteering.sk\/?p=3299"},"modified":"2019-04-09T16:06:31","modified_gmt":"2019-04-09T14:06:31","slug":"nastavili-sme-si-zrkadlo-a-videli-sme","status":"publish","type":"post","link":"http:\/\/fba.orienteering.sk\/?p=3299","title":{"rendered":"Nastavili sme si zrkadlo a videli sme&#8230;"},"content":{"rendered":"<p>Uplynul\u00fd v\u00edkend sa skupinka FBA vybralo to\u0165 k\u00fasok za hranice na z\u00e1pad.<br \/>\n\u010cakali na n\u00e1s Majstrovstv\u00e1 Moravy jednotlivcov a troj\u010dlenn\u00fdch \u0161tafiet.<br \/>\nOby\u010dajne, ke\u010f Slov\u00e1ci s\u00fa\u0165a\u017eia v \u010cR s\u00fa to sam\u00e9 v\u00fdhovorky, pre\u010do sme nemohli zabehn\u00fa\u0165 lep\u0161ie: v t\u00fdch vyso\u010dinsk\u00fdch melior\u00e1koch to nevieme, my tak\u00e9 nem\u00e1me, niet kde tr\u00e9nova\u0165 \/\/ v smrekov\u00fdch hustn\u00edkoch a svetlink\u00e1ch je to na n\u00e1hodu-my m\u00e1me pravouhl\u00e9 hrancie porastov \/\/ my sme e\u0161te neboli v pieskovcov\u00fdch skal\u00e1ch at\u010f st\u00e1le dookola.<br \/>\nBiele Karpaty s\u00fa ve\u013emi podobn\u00e9 \u0161trukt\u00farou lesa aj reli\u00e9fu Mal\u00fdm Karpatom, dokonca \u010das\u0165 Bielych Karp\u00e1t je aj na\u0161a-slovensk\u00e1 a aj tu m\u00e1me mapy.<br \/>\nTeda kone\u010dne sme mali rovnak\u00e9 podmienky s bratmi zo Z\u00e1padu.<br \/>\nA \u010do na to v\u00fdsledkov\u00e1 listina?<br \/>\nPod\u013ea m\u0148a k\u00f3pia tr\u00e9ningov\u00fdch denn\u00edkov pretek\u00e1rov. Nebolo sa na \u010do vyhov\u00e1ra\u0165: podmienky rovnak\u00e9, detsk\u00e9 trate ve\u013emi zodpovedne a odborne postaven\u00e9&#8230; V\u010faka Mi\u0161ovi Toma\u0161ovi\u010dovi a Alenke \u010eur\u010dovej zo \u017diliny mali Slov\u00e1ci v detsk\u00fdch kateg\u00f3riach (mysl\u00edm t\u00fdm do deti 20 rokov) v\u00e4\u010d\u0161ie zast\u00fapenie ako oby\u010dajne na moravsk\u00fdch pretekoch.<br \/>\nPretek\u00e1ri, ktor\u00ed behaj\u00fa za \u010desk\u00e9 kluby a do porovnania sa dost\u00e1vaj\u00fa \u010dastej\u0161ie, tr\u00e9nuj\u00fa inak ako ostatn\u00ed zo Slovenska. Tlak na v\u00fdkon je v obrovskej konkurencii ve\u013ek\u00fd a kto sa chce v klube presadi\u0165, mus\u00ed ma\u0165 v\u00fdsledky. A tak tieto deti tr\u00e9nuj\u00fa ob\u010das aj kopce, maj\u00fa za sebou v\u00e4\u010d\u0161ie objemy tr\u00e9ningovej z\u00e1\u0165a\u017ee.<br \/>\nTo sa prejavilo v jednotlivcoch aj v \u0161tafet\u00e1ch. Z FBA najlep\u0161ie zabodoval Filip 5-tym miestom z 48 klasifikovan\u00fdch so stratou 5 min v jednotlivcoch a brav\u00farnym v\u00fdkonom na druhom \u00faseku svojej ZBM \u0161tafety, ke\u010f z tretieho miesta odovzd\u00e1val s n\u00e1skokom 5 min na prvom mieste.<br \/>\nZo Slov\u00e1kov v jednotlivcoch bodovali Dorota \u0160mel\u00edkov\u00e1, Tamara Miklu\u0161ov\u00e1, Tereza Miklu\u0161ov\u00e1, z chlapcov Adam Jon\u00e1\u0161, Du\u0161ko Sl\u00e1ma, Jakub Chupek a Dominik Lovas.<br \/>\nA \u010do teda vrav\u00ed to zrkadlo? Neb\u00e1\u0165 sa tr\u00e9ningu, \u00eds\u0165 do toho s plnou silou, nevyhov\u00e1ra\u0165 sa na kopce a teplo a neuspokoji\u0165 sa s dobr\u00fdm umiestnen\u00fdm na oblastnej \u00farovni&#8230; Dr\u017e\u00edm v\u0161etk\u00fdm palce a dovidenia zajtra na tr\u00e9ningu v karpatsk\u00fdch kopcoch.     <\/p>\n","protected":false},"excerpt":{"rendered":"<p>Uplynul\u00fd v\u00edkend sa skupinka FBA vybralo to\u0165 k\u00fasok za hranice na z\u00e1pad. \u010cakali na n\u00e1s Majstrovstv\u00e1 Moravy jednotlivcov a troj\u010dlenn\u00fdch \u0161tafiet. Oby\u010dajne, ke\u010f Slov\u00e1ci s\u00fa\u0165a\u017eia v \u010cR s\u00fa to sam\u00e9 v\u00fdhovorky, pre\u010do sme nemohli zabehn\u00fa\u0165 lep\u0161ie:<a class=\"moretag\" href=\"http:\/\/fba.orienteering.sk\/?p=3299\">Read More&#8230;<\/a><\/p>\n","protected":false},"author":2,"featured_media":3301,"comment_status":"open","ping_status":"open","sticky":false,"template":"","format":"standard","meta":[],"categories":[20],"tags":[],"_links":{"self":[{"href":"http:\/\/fba.orienteering.sk\/index.php?rest_route=\/wp\/v2\/posts\/3299"}],"collection":[{"href":"http:\/\/fba.orienteering.sk\/index.php?rest_route=\/wp\/v2\/posts"}],"about":[{"href":"http:\/\/fba.orienteering.sk\/index.php?rest_route=\/wp\/v2\/types\/post"}],"author":[{"embeddable":true,"href":"http:\/\/fba.orienteering.sk\/index.php?rest_route=\/wp\/v2\/users\/2"}],"replies":[{"embeddable":true,"href":"http:\/\/fba.orienteering.sk\/index.php?rest_route=%2Fwp%2Fv2%2Fcomments&post=3299"}],"version-history":[{"count":1,"href":"http:\/\/fba.orienteering.sk\/index.php?rest_route=\/wp\/v2\/posts\/3299\/revisions"}],"predecessor-version":[{"id":3300,"href":"http:\/\/fba.orienteering.sk\/index.php?rest_route=\/wp\/v2\/posts\/3299\/revisions\/3300"}],"wp:featuredmedia":[{"embeddable":true,"href":"http:\/\/fba.orienteering.sk\/index.php?rest_route=\/wp\/v2\/media\/3301"}],"wp:attachment":[{"href":"http:\/\/fba.orienteering.sk\/index.php?rest_route=%2Fwp%2Fv2%2Fmedia&parent=3299"}],"wp:term":[{"taxonomy":"category","embeddable":true,"href":"http:\/\/fba.orienteering.sk\/index.php?rest_route=%2Fwp%2Fv2%2Fcategories&post=3299"},{"taxonomy":"post_tag","embeddable":true,"href":"http:\/\/fba.orienteering.sk\/index.php?rest_route=%2Fwp%2Fv2%2Ftags&post=3299"}],"curies":[{"name":"wp","href":"https:\/\/api.w.org\/{rel}","templated":true}]}}