{"id":3283,"date":"2018-04-19T19:29:16","date_gmt":"2018-04-19T17:29:16","guid":{"rendered":"http:\/\/fba.orienteering.sk\/?p=3283"},"modified":"2019-04-09T16:03:39","modified_gmt":"2019-04-09T14:03:39","slug":"jano-mizur-sa-stal-predseda-dozornej-rady-sov","status":"publish","type":"post","link":"http:\/\/fba.orienteering.sk\/?p=3283","title":{"rendered":"JANO MI\u017d\u00daR sa stal predseda Dozornej rady SOV"},"content":{"rendered":"<p>Beh\u00e1me okolo seba, zdrav\u00edme sa, \u017eartujeme. Rozpr\u00e1vame hlavne o kontrolk\u00e1ch a m\u00e1lokto z n\u00e1s vie o ostatn\u00fdch, \u010d\u00edm sa zaoberaj\u00fa v pracovnom \u017eivote.<\/p>\n<p>Obrovsk\u00fdm pracovn\u00fdm \u00faspechom n\u00e1\u0161ho oddielov\u00e9ho kolegu Jana Mi\u017e\u00fara sa v ned\u00e1vnych d\u0148och stalo jeho vymenovanie za <span style=\"color: #ff0000;\">predsedu Dozornej rady Slovensk\u00e9ho olympijsk\u00e9ho v\u00fdboru.<\/span><\/p>\n<p>Aj in\u00ed z n\u00e1s maj\u00fa pracovn\u00e9 \u00faspechy,v\u00f4bec o tom nepochybujeme.<br \/>\nJanova pr\u00e1ca je ale priamo v prospech n\u00e1s v\u0161etk\u00fdch &#8211; orienta\u010dn\u00fdch be\u017ecov.<\/p>\n<p>V \u010dasopise E-\u0160PORTINFORM uverejnili rozhovor s Janom:<\/p>\n<p><strong><em>Ne<\/em><\/strong><strong><em>d\u00e1vno\u00a0ste boli menovan\u00fd do funkcie predsedu dozornej rady Slovensk\u00e9ho olympijsk\u00e9 <\/em><\/strong><strong><em>v\u00fdbor<\/em><\/strong><strong><em>u <\/em><\/strong><strong><em>a z\u00e1rove\u0148 ste bol\u00a0<\/em><\/strong><strong><em>zvolen<\/em><\/strong><strong><em>\u00fd do funkcie hlavn\u00e9ho\u00a0<\/em><\/strong><strong><em>kontrol\u00f3r<\/em><\/strong><strong><em>a SOV. Sk\u00faste n\u00e1m pop\u00edsa\u0165<\/em><\/strong><strong><em>, <\/em><\/strong><strong><em>v \u010dom spo\u010d\u00edva va\u0161a \u00faloha v\u00a0<\/em><\/strong><strong><em>r\u00e1mci t\u00fdchto funkci\u00ed?<\/em><\/strong><br \/>\nUveden\u00e1 funkcia je vyvrcholen\u00edm m\u00f4jho funkcion\u00e1rskeho p\u00f4sobenia v \u0161portov\u00fdch \u0161trukt\u00farach. Viem do \u010doho idem, v\u0161etky moje \u00falohy a kompetencie vymedzuje z\u00e1kon o \u0161porte. Moment\u00e1lne sa chyst\u00e1m na sk\u00fa\u0161ky, a ak ich zdarne zvl\u00e1dnem, potvrd\u00edm svoju funkciu.<br \/>\n<strong><em>Rezortn\u00e9 stredisk\u00e1 vrcholov\u00e9ho \u0161portu <\/em><\/strong><strong><em>sa u\u017e od \u010dias minul\u00e9ho re\u017eimu v b\u00fdvalom \u010ceskoslovensku <\/em><\/strong><strong><em>a n\u00e1sledne po rozdelen\u00ed feder\u00e1cie aj na Slovensku <\/em><\/strong><strong><em>s\u00fastredil<\/em><\/strong><strong><em>i pod doh\u013eadom ministerstiev <\/em><\/strong><strong><em>obr<\/em><\/strong><strong><em>an<\/em><\/strong><strong><em>y<\/em><\/strong><strong><em>, <\/em><\/strong><strong><em>vn\u00fatra <\/em><\/strong><strong><em>a \u0161kolstva. Ot\u00e1zka racionaliz\u00e1cie,\u00a0<\/em><\/strong><strong><em>reform<\/em><\/strong><strong><em>y rezortn\u00fdch stred<\/em><\/strong><strong><em>\u00edsk<\/em><\/strong><strong><em>, \u010di dokonca \u00a0vzniku jedn\u00e9ho spolo\u010dn\u00e9ho centra vrcholov\u00e9ho \u0161portu zaznieva u\u017e \u00a0dlh\u0161iu dobu. Ak\u00e9 s\u00fa pod\u013ea v\u00e1s klady a z\u00e1pory tak\u00e9hoto rie\u0161enia, alebo zachovania s\u00fa\u010dasn\u00e9ho\u00a0<\/em><\/strong><strong><em>stavu?<\/em><\/strong><br \/>\nNako\u013eko pracujem od\u00a0roku 1991 vo vrcholovom stredisku\u00a0\u0161portu patriacemu rezortu \u0161kolstva, za\u017eil som\u00a0po\u010das m\u00f4jho p\u00f4sobenia viac sn\u00e1h o vytvorenie jedn\u00e9ho komplexn\u00e9ho centra vrcholov\u00e9ho \u0161portu. Ani jeden z pokusov nevy\u0161iel.\u00a0Ide\u00e1lna \u0161anca tu\u00a0bola pri tvorbe nov\u00e9ho z\u00e1kona o \u0161porte, ale ani tentoraz nedo\u0161lo k spolo\u010dn\u00fdm prienikom. Tak\u017ee s\u00fa\u010dasn\u00fd syst\u00e9m zabezpe\u010denia vrcholov\u00e9ho \u0161portu\u00a0 cez stredisk\u00e1 bude z\u00e1visie\u0165 vo v\u00fdraznej miere na \u00farovni spolupr\u00e1ce a doh\u00f4d medzi strediskami obrany, vn\u00fatra a \u0161kolstva. Osobne vid\u00edm, \u017ee t\u00e1to spolupr\u00e1ca funguje a naber\u00e1, ako my orienta\u010dn\u00ed be\u017eci\u00a0hovor\u00edme \u2013 spr\u00e1vny smer.<br \/>\n<strong><em>Stre\u0161n<\/em><\/strong><strong><em>\u00e1 organiz\u00e1cia \u0161portu <\/em><\/strong><strong><em>j<\/em><\/strong><strong><em>e tie\u017e\u00a0t\u00e9mou, ktor\u00e1 je predmetom diskusi\u00ed v \u0161portov\u00fdch kruhoch na Slovensku. Vieme, \u017ee v minulosti tu tak\u00e1to organiz\u00e1cia bola a snahy o znovu vytvorenie podobnej organiz\u00e1cie st\u00e1le pretrv\u00e1vaj\u00fa. Ako sa vy pozer\u00e1te na jej \u00falohu a v\u00fdznam pre \u0161portov\u00e9 <\/em><\/strong><strong><em>subjekty u n\u00e1s?<\/em><\/strong><br \/>\nDobre ste poznamenali, \u017ee v minulosti tak\u00e1to organiz\u00e1cia bola. Probl\u00e9my v\u0161ak za\u010dali potom, \u010do \u0161t\u00e1tne org\u00e1ny prestali financova\u0165 \u201estrechu\u201c a rozhodli sa financova\u0165 jednotliv\u00e9 \u0161portov\u00e9 subjekty samostatne. Osobne som iniciat\u00edvu Slovensk\u00e9ho olympijsk\u00e9ho v\u00fdboru o vytvorenie stre\u0161nej organiz\u00e1cie priv\u00edtal a budem ju podporova\u0165. Hlavne pre mal\u00e9 \u0161porty to m\u00e1 ve\u013ek\u00fd v\u00fdznam, nako\u013eko v tom vid\u00edm silu v na\u0161om zastupovan\u00ed vo\u010di \u0161t\u00e1tnym org\u00e1nom a in\u00fdm subjektom, ktor\u00e9 by n\u00e1m mohli pom\u00f4c\u0165 v napredovan\u00ed.<br \/>\n<strong><em>N<\/em><\/strong><strong><em>a oblas\u0165 financovania \u0161portu vpl\u00fdva v s\u00fa\u010dasnosti viacero faktorov, napr\u00edklad po\u010det \u00a0zvy\u0161uj\u00facich\u00a0<\/em><\/strong><strong><em>s<\/em><\/strong><strong><em>a \u0161portov, budovanie \u0161portovej infra\u0161trukt\u00fary, st\u00fapaj\u00face n\u00e1klady vypl\u00fdvaj\u00face z rozvoja, vedeck\u00e9ho pokroku \u010di st\u00fapaj\u00facich organiza\u010dn\u00fdch i bezpe\u010dnostn\u00fdch n\u00e1rokov. V \u010dom tkvie podstatn\u00fd rozdiel medzi financovan\u00edm \u0161portu v b\u00fdvalom re\u017eime a s\u00fa\u010dasnos\u0165ou?<\/em><\/strong><br \/>\nNevidel by som tento probl\u00e9m tak, \u017ee\u00a0by sa malo porovn\u00e1va\u0165, ako to bolo v minulosti a ako je to teraz. Ka\u017ed\u00e1 doba prin\u00e1\u0161a so sebou ve\u013ea dobr\u00e9ho, ale aj probl\u00e9mov\u00fdch situ\u00e1ci\u00ed. Mysl\u00edm si, \u017ee v poslednom obdob\u00ed ide do \u0161portu primeran\u00e9 mno\u017estvo financi\u00ed a podporuje sa ve\u013ea \u0161portov\u00fdch aktiv\u00edt s\u00favisiacich so zdrav\u00fdm \u017eivotn\u00fdm \u00a0\u0161t\u00fdlom. Nem\u00f4\u017eeme v\u0161ak\u00a0\u010daka\u0165 len s otvorenou n\u00e1ru\u010dou, mus\u00edme aj my v r\u00e1mci svojich \u0161portov\u00fdch \u0161trukt\u00far urobi\u0165 nie\u010do, \u010do prinesie vyt\u00fa\u017een\u00fd v\u00fdsledok. N\u00e1m sa napr\u00edklad v na\u0161om zv\u00e4ze dar\u00ed v zabezpe\u010den\u00ed \u0161kolsk\u00fdch s\u00fa\u0165a\u017e\u00ed. Dok\u00e1zali sme zapoji\u0165 do nich v minulom \u0161kolskom roku vy\u0161e 2 500 det\u00ed zo z\u00e1kladn\u00fdch a stredn\u00fdch \u0161k\u00f4l, pri\u010dom \u010dlensk\u00e1 z\u00e1klad\u0148a n\u00e1\u0161ho zv\u00e4zu \u00a0neprevy\u0161uje 800 \u010dlenov.<br \/>\n<strong><em>\u017divo<\/em><\/strong><strong><em>t\u00a0\u00a0zv\u00e4zov z\u00e1sadne\u00a0ovplyvnili legislat\u00edvne zmeny s\u00favisiace s nov\u00fdm z\u00e1konom o \u0161porte. Ste \u00a0nielen dlhoro\u010dn\u00fd zamestnanec rezortn\u00e9ho strediska vrcholov\u00e9ho \u0161portu, ale aj funkcion\u00e1r \u0161portov\u00e9ho zv\u00e4zu. Ak\u00fd je teda v\u00e1\u0161 poh\u013ead na s\u00fa\u010dasn\u00fa situ\u00e1ciu a dopady z\u00e1kona na ka\u017edodenn\u00e9 fungovanie zv\u00e4zov\u00a0po nie\u010do viac\u00a0ne\u017e\u00a0dvoch <\/em><\/strong><strong><em>rokoch od jeho platnosti?<\/em><\/strong><br \/>\nVo zv\u00e4zov\u00fdch \u0161trukt\u00farach pracujem od roku 1989,\u00a0z toho osem rokov som vykon\u00e1val\u00a0funkciu predsedu Slovensk\u00e9ho zv\u00e4zu orienta\u010dn\u00fdch \u0161portov a bez prest\u00e1vky som \u010dlenom jeho v\u00fdkonn\u00e9ho v\u00fdboru. M\u00f4\u017eem teda\u00a0porovn\u00e1va\u0165. Je to pre n\u00e1\u0161 mal\u00fd \u0161port ve\u013emi \u0165a\u017ek\u00e9 obdobie, nako\u013eko posledn\u00e9 dva roky priniesol hlavne ve\u013ea \u00a0administrat\u00edvnej pr\u00e1ce. Na bedr\u00e1ch jedn\u00e9ho \u010dloveka, ktor\u00e9ho \u00a0si m\u00f4\u017eeme v zmysle platnej legislat\u00edvy vyfinancova\u0165 zo \u0161t\u00e1tnych dot\u00e1ci\u00ed, je zabezpe\u010denie v\u0161etk\u00fdch \u010dinnost\u00ed s\u00favisiacich s fungovan\u00edm zv\u00e4zu.\u00a0Bez dobrovo\u013enej pomoci na\u0161ich \u010fal\u0161\u00edch obetav\u00fdch \u010dlenov by to tento jedno\u010dlenn\u00fd apar\u00e1t asi nezvl\u00e1dol. Platn\u00fd z\u00e1kon o \u0161porte pozabudol na to, \u017ee s\u00fa tu aj mal\u00e9 \u00a0\u0161portov\u00e9 zv\u00e4zy, od ktor\u00fdch \u0161t\u00e1tne org\u00e1ny po\u017eaduj\u00fa za minim\u00e1lnej podpory profesion\u00e1lne v\u00fdkony.<br \/>\n<strong><em>D<\/em><\/strong><strong><em>\u00e1 sa objekt\u00edvnym sp\u00f4sobom porovn\u00e1va\u0165 ot\u00e1zka financovania \u0161portu \u00a0u n\u00e1s \u00a0a v zahrani\u010d\u00ed? M\u00e1me na mysli sk\u00f4r krajiny, ktor\u00e9 s\u00fa s nami v\u0161eobecne porovnate\u013en\u00e9. Bolo by mo\u017en\u00e9\u00a0prevzia\u0165 alebo aplikova\u0165 zahrani\u010dn\u00fd model financovania \u0161portu alebo jeho \u010das\u0165\u00a0u n\u00e1s, alebo je t\u00e1to oblas\u0165 v\u00fdsostne \u0161pecifick\u00e1 pre ka\u017ed\u00fa krajinu?<\/em><\/strong><br \/>\nToto\u00a0je ve\u013emi \u0165a\u017ek\u00e1 ot\u00e1zka, na\u00a0ktor\u00fa sa aj \u0165a\u017eko odpoved\u00e1. V minulosti sme vysk\u00fa\u0161ali mnoh\u00e9 syst\u00e9my podpory \u0161portu a z\u00edskali aj inform\u00e1cie o tom, ako to be\u017e\u00ed v zahrani\u010d\u00ed, resp. v okolit\u00fdch krajin\u00e1ch. \u0164a\u017eko sa asi d\u00e1 n\u00e1js\u0165 syst\u00e9m, ktor\u00fd by vyhovoval v\u0161etk\u00fdm bez v\u00fdnimky. Osobne si mysl\u00edm, \u017ee s\u00fa\u010dasn\u00fd syst\u00e9m by sa mohol zjednodu\u0161i\u0165 a navrhol by som do\u0148 zapracova\u0165 hlavne jednozna\u010dn\u00e9 merate\u013en\u00e9 ukazovatele (napr\u00edklad v\u00fdsledky a \u010dlensk\u00fa z\u00e1klad\u0148u).<br \/>\n<strong><em>Ak<\/em><\/strong><strong><em>o \u00a0b\u00fdval\u00fd \u0161portovec a potom dlhoro\u010dn\u00fd funkcion\u00e1r konkr\u00e9tneho \u0161portov\u00e9ho odvetvia (orienta\u010dn\u00fd beh), \u00a0ktor\u00e9 nepatr\u00ed medzi tzv. ve\u013ek\u00e9 \u0161porty, pozn\u00e1te pomery v oblasti ekonomiky, vn\u00fatorn\u00e9ho chodu klubu a jeho zabezpe\u010denia, financovanie, materi\u00e1lne vybavenie, organiza\u010dn\u00e9 zaistenie podujat\u00ed at\u010f. Akou formou sa daj\u00fa\u00a0pri ve\u013emi skromn\u00fdch pomeroch a obmedzen\u00fdch\u00a0<\/em><\/strong><strong><em>mo\u017enostiac<\/em><\/strong><strong><em>h (vy)rie\u0161i\u0165 vzniknut\u00e9 <\/em><\/strong><strong><em>probl\u00e9my <\/em><\/strong><strong><em>existen\u010dn\u00e9h<\/em><\/strong><strong><em>o charakteru, <\/em><\/strong><strong><em>ke<\/em><\/strong><strong><em>\u010f ide \u010dasto a\u017e o hol\u00fa existenciu klubu \u00a0i \u0161portu ako tak\u00e9ho?<\/em><\/strong><br \/>\nTak ako som to u\u017e v predch\u00e1dzaj\u00facich odpovediach formuloval. Nem\u00f4\u017eeme sa spo\u013eahn\u00fa\u0165 len na \u0161t\u00e1tnu podporu. Sme ob\u010dianske zdru\u017eenie, ktor\u00e9 by malo financova\u0165\u00a0svoju \u010dinnos\u0165 aj\u00a0z in\u00fdch zdrojov, ako s\u00fa \u0161t\u00e1tne. Napr\u00edklad dobre\u00a0vypracovan\u00fd syst\u00e9m v\u00fdberu \u010dlensk\u00fdch pr\u00edspevkov, nada\u010dn\u00fd syst\u00e9m, organiz\u00e1cia v\u00fdznamn\u00fdch podujat\u00ed a podobne. V na\u0161om orienta\u010dnom \u0161porte ur\u010dite plat\u00ed syst\u00e9m ponuky a dopytu. Ak chcem absolvova\u0165 kvalitn\u00fa s\u00fa\u0165a\u017e, tak si ju n\u00e1jdem a na \u0148u vy\u010dlen\u00edm \u00a0aj financie zo svojho osobn\u00e9ho rozpo\u010dtu a zaplat\u00edm si ju (bez \u00a0oh\u013eadu na to, \u010di \u00a0toto podujatie je zorganizovan\u00e9 u n\u00e1s doma alebo\u00a0v zahrani\u010d\u00ed).<br \/>\n<strong><em>Univerzitn\u00fd \u0161port <\/em><\/strong><strong><em>je tie\u017e \u00a0jednou z dom\u00e9n, v ktorej sa realizujete ako funkcion\u00e1r. Ak\u00fd je V\u00e1\u0161 poh\u013ead na \u00a0\u00falohu\u00a0a v\u00fdznam univerzitn\u00e9ho \u0161portu na <\/em><\/strong><strong><em>Slovensku?<\/em><\/strong><br \/>\nUniverzitn\u00fd \u0161port je mi tie\u017e bl\u00edzky, nako\u013eko som v \u0148om za\u017eil ve\u013emi ve\u013ea pekn\u00fdch chv\u00ed\u013e. Svoje p\u00f4sobenie som za\u010dal ako \u010dlen Sl\u00e1vie Farmaceut Bratislava, kde som sa dostal po\u010das mojich \u0161t\u00fadi\u00ed v Bratislave ako \u00faspe\u0161n\u00fd reprezentant. Doteraz som klub nezmenil a st\u00e1le v \u0148om \u00a0p\u00f4sob\u00edm. V \u0161trukt\u00farach univerzitn\u00e9ho \u0161portu zast\u00e1vam funkciu ved\u00faceho \u0161portovo-technickej komisie zodpovedn\u00e9ho za\u00a0orienta\u010dn\u00fd beh v SAU\u0160. Univerzitn\u00fd, ako aj \u0161kolsk\u00fd \u0161port na Slovensku maj\u00fa ve\u013ek\u00fd v\u00fdznam, hlavne vo vytv\u00e1ran\u00ed podmienok pre \u0161portovanie, \u010di u\u017e ide o vrcholov\u00fd alebo \u0161port pre v\u0161etk\u00fdch.<br \/>\n<strong><em>J<\/em><\/strong><strong><em>e o V\u00e1s zn\u00e1me, \u017ee ste nie len zanieten\u00fd \u0161portov\u00fd fan\u00fa\u0161ik, ale aj akt\u00edvny \u0161portovec. Orienta\u010dn\u00fd beh je \u00a0kr\u00e1sna \u0161portov\u00e1 discipl\u00edna, kde \u010dlovek tr\u00e1vi mno\u017estvo \u010dasu v pr\u00edrode na \u010derstvom duchu. Z\u00fa\u010dast\u0148ujete sa \u00a0dokonca aj s\u00fa\u0165a\u017e\u00ed vo svojej vekovej kateg\u00f3rii. Prezra\u010fte n\u00e1m, ako sa st\u00e1le udr\u017eiavate vo forme?<\/em><\/strong><br \/>\nOrienta\u010dn\u00fd beh je \u0161port, v ktorom sa vypisuj\u00fa s\u00fa\u0165a\u017ee pod\u013ea vekov\u00fdch kateg\u00f3ri\u00ed, \u010di\u017ee s\u00fa\u0165a\u017e\u00edm s vekovo rovnak\u00fdmi partnermi. E\u0161te aj teraz beh\u00e1vam tri a\u017e \u0161tyrikr\u00e1t do t\u00fd\u017ed\u0148a, stal sa zo m\u0148a v\u00edkendov\u00fd be\u017eec. M\u00e1m rados\u0165 z pohybu v pr\u00edrode a v priebehu roka si u\u017e vyber\u00e1m s\u00fa\u0165a\u017ee v t\u00fdch lokalit\u00e1ch, v ktor\u00fdch som e\u0161te nepretekal.<\/p>\n<p>Pre\u010d\u00edtajte si zauj\u00edmavosti zo sveta slovensk\u00e9ho \u0161portu:<br \/>\n<a href=\"http:\/\/fba.orienteering.sk\/wp-content\/uploads\/2018\/04\/E-Sportinform_01_2018.pdf\">E-Sportinform_01_2018<\/a><\/p>\n<p>&nbsp;<\/p>\n","protected":false},"excerpt":{"rendered":"<p>Beh\u00e1me okolo seba, zdrav\u00edme sa, \u017eartujeme. Rozpr\u00e1vame hlavne o kontrolk\u00e1ch a m\u00e1lokto z n\u00e1s vie o ostatn\u00fdch, \u010d\u00edm sa zaoberaj\u00fa v pracovnom \u017eivote. Obrovsk\u00fdm pracovn\u00fdm \u00faspechom n\u00e1\u0161ho oddielov\u00e9ho kolegu Jana Mi\u017e\u00fara sa v ned\u00e1vnych d\u0148och stalo<a class=\"moretag\" href=\"http:\/\/fba.orienteering.sk\/?p=3283\">Read More&#8230;<\/a><\/p>\n","protected":false},"author":2,"featured_media":3287,"comment_status":"open","ping_status":"open","sticky":false,"template":"","format":"standard","meta":[],"categories":[11],"tags":[],"_links":{"self":[{"href":"http:\/\/fba.orienteering.sk\/index.php?rest_route=\/wp\/v2\/posts\/3283"}],"collection":[{"href":"http:\/\/fba.orienteering.sk\/index.php?rest_route=\/wp\/v2\/posts"}],"about":[{"href":"http:\/\/fba.orienteering.sk\/index.php?rest_route=\/wp\/v2\/types\/post"}],"author":[{"embeddable":true,"href":"http:\/\/fba.orienteering.sk\/index.php?rest_route=\/wp\/v2\/users\/2"}],"replies":[{"embeddable":true,"href":"http:\/\/fba.orienteering.sk\/index.php?rest_route=%2Fwp%2Fv2%2Fcomments&post=3283"}],"version-history":[{"count":2,"href":"http:\/\/fba.orienteering.sk\/index.php?rest_route=\/wp\/v2\/posts\/3283\/revisions"}],"predecessor-version":[{"id":3286,"href":"http:\/\/fba.orienteering.sk\/index.php?rest_route=\/wp\/v2\/posts\/3283\/revisions\/3286"}],"wp:featuredmedia":[{"embeddable":true,"href":"http:\/\/fba.orienteering.sk\/index.php?rest_route=\/wp\/v2\/media\/3287"}],"wp:attachment":[{"href":"http:\/\/fba.orienteering.sk\/index.php?rest_route=%2Fwp%2Fv2%2Fmedia&parent=3283"}],"wp:term":[{"taxonomy":"category","embeddable":true,"href":"http:\/\/fba.orienteering.sk\/index.php?rest_route=%2Fwp%2Fv2%2Fcategories&post=3283"},{"taxonomy":"post_tag","embeddable":true,"href":"http:\/\/fba.orienteering.sk\/index.php?rest_route=%2Fwp%2Fv2%2Ftags&post=3283"}],"curies":[{"name":"wp","href":"https:\/\/api.w.org\/{rel}","templated":true}]}}