{"id":3169,"date":"2018-02-09T10:54:14","date_gmt":"2018-02-09T08:54:14","guid":{"rendered":"http:\/\/fba.orienteering.sk\/?p=3169"},"modified":"2019-04-09T16:04:30","modified_gmt":"2019-04-09T14:04:30","slug":"ucili-sme-sa-bezkovat","status":"publish","type":"post","link":"http:\/\/fba.orienteering.sk\/?p=3169","title":{"rendered":"U\u010dili sme sa be\u017ekova\u0165"},"content":{"rendered":"<div style=\"margin: 0cm 0cm 0pt; font-family: 'Times New Roman',serif; font-size: 12pt;\"><span style=\"color: #454545; font-family: '.SFUIText',serif; font-size: 17pt;\">Minul\u00fd t\u00fd\u017ede\u0148 1.2.2018\u00a0 sme boli prv\u00fd kr\u00e1t na be\u017ek\u00e1rskom s\u00fastreden\u00ed v podan\u00ed p\u00e1r super orientakov. Ke\u010f sme cestovali na Skalku, cel\u00fa cestu pr\u0161alo, ale na Skalke padal n\u00e1dhern\u00fd sneh. Pri\u0161li sme tam a\u017e nesk\u00f4r ve\u010der, ale aj tak sme sa neb\u00e1li\u00a0 postavi\u0165 v hlbokej tme na ly\u017ee, samozrejme s\u00a0\u010delovkami. Aj napriek tomu, \u017ee polovica skupiny nevedela be\u017ekova\u0165, i\u0161lo n\u00e1m to v\u00fdborne. Na druh\u00fd de\u0148 sme sa pres\u00favali na be\u017ek\u00e1ch minim\u00e1lne 5 km do kopca a zase dole. Svalovica nemohla ch\u00fdba\u0165. Tret\u00ed de\u0148 bol asi najzauj\u00edmavej\u0161\u00ed. Pri\u0161li UJKO \u0160urgy, ktor\u00fd n\u00e1s nau\u010dil techniku behu a stretli sme aj Mariana D\u00e1vid\u00edka. \u0160tvrt\u00fd posledn\u00fd de\u0148 sme sa r\u00e1no pobalili a niektor\u00ed sa spustili na be\u017ek\u00e1ch dole aj s\u00a0bato\u017einou, in\u00fd i\u0161li na obrovsk\u00fdch s\u00e1nkach alebo aj pe\u0161i. Potom sme obuli be\u017eky a \u0161up na \u0161tadi\u00f3n, kde n\u00e1s poctivo \u010dakal \u0160urgy. Dovysvet\u013eoval n\u00e1m e\u0161te klasiku a zopakovali sme si kor\u010du\u013eovanie z\u00a0predo\u0161l\u00e9ho d\u0148a. Po n\u00e1ro\u010dnom tr\u00e9ningu ka\u017ed\u00fd vypil svoju zasl\u00fa\u017een\u00fa hor\u00facu \u010dokol\u00e1dku so \u0161\u013eaha\u010dkou.<\/span><u><\/u><u><\/u><\/div>\n<div style=\"margin: 0cm 0cm 0pt; font-family: 'Times New Roman',serif; font-size: 12pt; min-height: 20.3px; font-stretch: normal;\"><span style=\"color: #454545; font-family: '.SF UI Text',serif;\"><u><\/u>\u00a0<u><\/u><\/span><\/div>\n<div style=\"margin: 0cm 0cm 0pt; font-family: 'Times New Roman',serif; font-size: 12pt; font-stretch: normal;\"><span style=\"color: #454545; font-family: '.SFUIText',serif; font-size: 17pt;\">Chatka v ktorej sme b\u00fdvali bola ve\u013ek\u00e1, mala dve poschodia (pr\u00edzemie a povalu). Na chatke\u00a0 n\u00e1s bolo 8, no postel\u00ed len 6 a tak deti spali na povale, Laci na lavi\u010dke v kuchyni a ostatn\u00fd sa museli pomesti\u0165 na jednu man\u017eelsk\u00fa poste\u013e. Strava bola v\u00fdborn\u00e1. Varili Laci, Maro\u0161 a Alena &#8211;\u00a0 na\u0161i tr\u00e9neri. Aj tentokr\u00e1t sme mali ako odmenu za poslu\u0161nos\u0165 mali\u010dk\u00fa sladkos\u0165.<\/span><u><\/u><u><\/u><\/div>\n<div style=\"margin: 0cm 0cm 0pt; font-family: 'Times New Roman',serif; font-size: 12pt; min-height: 20.3px; font-stretch: normal;\"><span style=\"color: #454545; font-family: '.SF UI Text',serif;\"><u><\/u>\u00a0<u><\/u><\/span><\/div>\n<div style=\"margin: 0cm 0cm 0pt; font-family: 'Times New Roman',serif; font-size: 12pt; font-stretch: normal;\"><span style=\"color: #454545; font-family: '.SFUIText',serif; font-size: 17pt;\">Po ve\u010deroch sme sa s\u00e1nkovali na ceste na tanieroch a\u017e ku &#8222;\u0160tevkovi&#8220;. Ob\u010das to bolo nebezpe\u010dn\u00e9, ke\u010f\u017ee na ceste chodili sk\u00fatre a aj sme prer\u00e1\u017eali trasu dolu\u00a0 brehom pomedzi stromy. Na\u0161\u0165astie sa n\u00e1m ni\u010d nestalo, vtedy n\u00e1m nebolo v\u0161etko jedno. (\u0160unkafleky) Zo s\u00e1nkova\u010dky sme chodievali okolo 21:00 a vtedy sme mali ve\u010dierku, ale ve\u010dierku sme si (my deti) v\u017edy pred\u013a\u017eili aspo\u0148 o hodinku. \u00a0<\/span><u><\/u><u><\/u><\/div>\n<div style=\"margin: 0cm 0cm 0pt; font-family: 'Times New Roman',serif; font-size: 12pt; font-stretch: normal;\"><\/div>\n<div style=\"margin: 0cm 0cm 0pt; font-family: 'Times New Roman',serif; font-size: 12pt; font-stretch: normal;\">nap\u00edsala Mi\u0161ka<\/div>\n<div style=\"margin: 0cm 0cm 0pt; font-family: 'Times New Roman',serif; font-size: 12pt; font-stretch: normal;\"><a href=\"https:\/\/photos.google.com\/album\/AF1QipMYXmfXDAstk9E6jbeydGBeexXedmif4DuCSvLF\" target=\"_blank\">foto s\u00fastredenie Skalka<\/a><\/div>\n<div><u><\/u>\u00a0<u><\/u><\/div>\n","protected":false},"excerpt":{"rendered":"<p>Minul\u00fd t\u00fd\u017ede\u0148 1.2.2018\u00a0 sme boli prv\u00fd kr\u00e1t na be\u017ek\u00e1rskom s\u00fastreden\u00ed v podan\u00ed p\u00e1r super orientakov. Ke\u010f sme cestovali na Skalku, cel\u00fa cestu pr\u0161alo, ale na Skalke padal n\u00e1dhern\u00fd sneh. Pri\u0161li sme tam a\u017e nesk\u00f4r ve\u010der, ale<a class=\"moretag\" href=\"http:\/\/fba.orienteering.sk\/?p=3169\">Read More&#8230;<\/a><\/p>\n","protected":false},"author":2,"featured_media":3170,"comment_status":"open","ping_status":"open","sticky":false,"template":"","format":"standard","meta":[],"categories":[20],"tags":[],"_links":{"self":[{"href":"http:\/\/fba.orienteering.sk\/index.php?rest_route=\/wp\/v2\/posts\/3169"}],"collection":[{"href":"http:\/\/fba.orienteering.sk\/index.php?rest_route=\/wp\/v2\/posts"}],"about":[{"href":"http:\/\/fba.orienteering.sk\/index.php?rest_route=\/wp\/v2\/types\/post"}],"author":[{"embeddable":true,"href":"http:\/\/fba.orienteering.sk\/index.php?rest_route=\/wp\/v2\/users\/2"}],"replies":[{"embeddable":true,"href":"http:\/\/fba.orienteering.sk\/index.php?rest_route=%2Fwp%2Fv2%2Fcomments&post=3169"}],"version-history":[{"count":1,"href":"http:\/\/fba.orienteering.sk\/index.php?rest_route=\/wp\/v2\/posts\/3169\/revisions"}],"predecessor-version":[{"id":3171,"href":"http:\/\/fba.orienteering.sk\/index.php?rest_route=\/wp\/v2\/posts\/3169\/revisions\/3171"}],"wp:featuredmedia":[{"embeddable":true,"href":"http:\/\/fba.orienteering.sk\/index.php?rest_route=\/wp\/v2\/media\/3170"}],"wp:attachment":[{"href":"http:\/\/fba.orienteering.sk\/index.php?rest_route=%2Fwp%2Fv2%2Fmedia&parent=3169"}],"wp:term":[{"taxonomy":"category","embeddable":true,"href":"http:\/\/fba.orienteering.sk\/index.php?rest_route=%2Fwp%2Fv2%2Fcategories&post=3169"},{"taxonomy":"post_tag","embeddable":true,"href":"http:\/\/fba.orienteering.sk\/index.php?rest_route=%2Fwp%2Fv2%2Ftags&post=3169"}],"curies":[{"name":"wp","href":"https:\/\/api.w.org\/{rel}","templated":true}]}}