{"id":2720,"date":"2017-05-03T07:36:03","date_gmt":"2017-05-03T05:36:03","guid":{"rendered":"http:\/\/fba.orienteering.sk\/?p=2720"},"modified":"2019-04-09T16:02:50","modified_gmt":"2019-04-09T14:02:50","slug":"stvrtkovou-kratkou-tratou-sa-skoncili-skolske-ms-v-palerme","status":"publish","type":"post","link":"http:\/\/fba.orienteering.sk\/?p=2720","title":{"rendered":"\u0160tvrtkovou kr\u00e1tkou tra\u0165ou sa skon\u010dili \u0161kolsk\u00e9 MS v Palerme."},"content":{"rendered":"<p style=\"text-align: justify\">Po pondelkovej dlhej trati boli v utorok na programe najvy\u0161\u0161ej svetovej s\u00fa\u0165a\u017ee \u201e\u0161kol\u00e1kov\u201c na Sic\u00edlii \u0161tafety priate\u013estva. Zlo\u017eenie ka\u017edej \u0161tafety bolo nalosovan\u00e9 tak, aby ka\u017ed\u00fd \u010dlen bol z inej krajiny. Pretekalo sa na \u0161printovej mape priamo v Palerme. Na trati sa pretek\u00e1ri dostali do r\u00f4znych z\u00e1kut\u00ed. Be\u017eali kr\u00e1snymi ulicami, ale aj uli\u010dkami, ktor\u00e9 nah\u00e1\u0148ali strach svojou o\u0161arpanos\u0165ou, \u0161pinou, neporiadkom a biedou. Na v\u00fdsledkoch v tomto pr\u00edpade ve\u013emi nez\u00e1le\u017ealo. Hlavnou my\u0161lienkou bolo nadv\u00e4zovanie a upevnenie dobr\u00fdch vz\u0165ahov medzi ml\u00e1de\u017eou z r\u00f4znych kraj\u00edn sveta. V stredu po\u010das vo\u013en\u00e9ho d\u0148a si \u00fa\u010dastn\u00edci op\u00e4\u0165 prezreli Palermo, tentoraz u\u017e len tie naozaj najkraj\u0161ie miesta.<br \/>\nVo \u0161tvrtok sa o kone\u010dnom porad\u00ed rozhodovalo na kr\u00e1tkej trati. Na\u0161e diev\u010dat\u00e1 Terezka, Terezka a Magda, ktor\u00e9 \u0161tartovali za \u0161kolsk\u00e9 dru\u017estvo Gymn\u00e1zia sv. Ur\u0161ule v kateg\u00f3rii W1 SCHOOL be\u017eali na trati s 13 ks, d\u013a\u017ekou 3,6 km a prev\u00fd\u0161en\u00edm 90 m. Mapa bola takmer cel\u00e1 zelen\u00e1. Hust\u00fd porast, nezn\u00e1me pich\u013eav\u00e9 rastliny s\u0165a\u017eovali nie len beh, ale aj vidite\u013enos\u0165. Doh\u013ead\u00e1vky tak boli celkom n\u00e1ro\u010dn\u00e9.<br \/>\nMagda si svojim vyrovnan\u00fdm v\u00fdkonom vybehla op\u00e4\u0165 15. miesto, Terezka Pru\u017eincov\u00e1 obsadila ve\u013emi pekn\u00fa 29 prie\u010dku z viac ako 100 \u010dlenn\u00e9ho \u0161tartov\u00e9ho po\u013ea a Terezka \u0160tevicov\u00e1 mala na trati smolu, lebo si zranila \u010dlenok, ktor\u00fd ju n\u00e1sledne obmedzoval v pohybe. V celkovom hodnoten\u00ed sa \u0161kolsk\u00e9 dru\u017estvo na\u0161ich diev\u010dat umiestnilo na v\u00fdbornom 6. mieste z 22 z\u00fa\u010dastnen\u00fdch kraj\u00edn! Diev\u010dat\u00e1m k v\u00fdsledku gratulujeme!<br \/>\nNa dojmy zo Sic\u00edlie som sa po n\u00e1vrate sp\u00fdtala Terezky \u0160tevicovej, ktor\u00e1 nad\u0161ene odpovedala:<br \/>\n\u201eBol to naozaj ve\u013emi super jedine\u010dn\u00fd z\u00e1\u017eitok. Pri pretekoch priate\u013estva som sa zozn\u00e1mila s Belgi\u010danom a \u0160panielkou, s ktor\u00fdmi som bola v t\u00edme, Preteky boli v Palerme v starom meste kde sme spoznali skuto\u010dn\u00fd sic\u00edlsky \u017eivot. Je tam kr\u00e1sna a trochu nebezpe\u010dn\u00e1 pr\u00edroda, n\u00e1dherne more. Okrem behu mi to dalo to, \u017ee som spoznala super nov\u00fdch \u013eud\u00ed.\u201c<br \/>\nA o tom ten n\u00e1\u0161 \u201eorien\u0165\u00e1k\u201c je. Na pretekoch spozn\u00e1vame nov\u00e9 krajiny, rozmanit\u00fa pr\u00edrodu, r\u00f4zne mest\u00e1 a ich kult\u00faru a hlavne nov\u00fdch \u013eud\u00ed. Deck\u00e1, oplat\u00ed sa v\u00e1m tr\u00e9nova\u0165!<\/p>\n<p>Atmosf\u00e9ru z\u00a0podujatia si m\u00f4\u017eete pozrie\u0165 tu:<br \/>\n<a href=\"https:\/\/www.flickr.com\/photos\/139541249@N04\/sets\/72157683221266276\" target=\"_blank\">foto Sic\u00edlia od Michal Kraj\u010d\u00edk<\/a><br \/>\nUr\u010dite tam n\u00e1jdete aj na\u0161e baby.<\/p>\n<p>O autentick\u00e9 z\u00e1\u017eitky sa podelila aj Terezka Pru\u017eincov\u00e1 v nasleduj\u00facich riadkoch.<\/p>\n<div style=\"text-align: justify\">&#8222;Minul\u00fd t\u00fd\u017ede\u0148 som absolvovala \u0161kolsk\u00e9 majstrovstv\u00e1 sveta v orienta\u010dnou behu na Sic\u00edlii. Do Talianska \u00a0sme cestovali autobusom. Bola to dlh\u00e1 a n\u00e1ro\u010dn\u00e1 cesta. Trvala dva dni aj s prenocovan\u00edm. Po pr\u00edchode sme sa ubytovali. Druh\u00fd de\u0148 n\u00e1s \u010dakal prv\u00fd tr\u00e9ning. Obozn\u00e1mili sme sa s prostred\u00edm a dozvedeli sme sa nov\u00e9 inform\u00e1cie o veget\u00e1cii na Sic\u00edlii. Napr. kr\u00edky maj\u00fa hust\u00e9 pich\u013eave t\u0155ne. Nesk\u00f4r sme sa presunuli do Palerma, kde sa konal uv\u00edtac\u00ed ceremoni\u00e1l, v ktorom bol zahrnut\u00fd pochod ulicami Palerma. Na druh\u00fd de\u0148 n\u00e1s \u010dakal prv\u00fd pretek- Long. Bol zameran\u00fd na dlh\u00e9 postupy a presn\u00e9 doh\u013ead\u00e1vky. Nasleduj\u00faci de\u0148 doobeda sme mali oddych, ktor\u00fd sme tr\u00e1vili na pl\u00e1\u017ei pri mori. Poobede sa konali &#8218;\u0161tafety priate\u013estva&#8216;, kde sme sa rozdelili do t\u00edmov po troch be\u017ecoch, pri\u010dom ka\u017ed\u00fd bol z inej krajiny. V mojom t\u00edme som mala \u0160k\u00f3ta a Rumunku. Po zmene programu sa na dal\u0161\u00ed de\u0148 pripravovali predstavenia vlastnej krajiny. My ako Slov\u00e1ci sme tancovali origin\u00e1lne \u013eudovky, ktor\u00e9 sme zakon\u010dili d\u00e1vkou skupiny Hork\u00fd\u017ee Sl\u00ed\u017ee. Obecenstvu sa to p\u00e1\u010dilo a neb\u00e1lo sa prida\u0165 sa do n\u00e1\u0161ho &#8218;vl\u00e1\u010diku&#8216;. Nasledovala v\u00fdmena predmetov, ktor\u00e9 charakterizovali dan\u00fd n\u00e1rod napr. jedlo, mapy a ru\u010dn\u00e9 v\u00fdrobky.<\/div>\n<div style=\"text-align: justify\">Z\u00e1vere\u010dn\u00fd de\u0148 boli preteky- middle, ktor\u00e9 boli zameran\u00e9 hlavne na podrobn\u00e9 \u010d\u00edtanie mapy. Na\u0161\u0165astie sa nestali \u017eiadne v\u00e1\u017ene zranenia okrem vyvrtnuteho \u010dlenku. Ve\u010der sa konalo vyhodnotenie pretekov a na\u0161i Slovensk\u00ed reprezentanti \u010dasto obsadzovali popredn\u00e9 prie\u010dky. Ve\u010der a z\u00e1rove\u0148 cely pobyt na Sic\u00edlii sme zakon\u010dili banketom a poslednou rozl\u00fa\u010dkou s nov\u00fdmi zahrani\u010dn\u00fdmi priate\u013emi. R\u00e1no sme sa pobalili a vr\u00e1tili sme sa po dvojd\u0148ovej ceste op\u00e4\u0165 na Slovensko. M\u00f4j celkov\u00fd poh\u013ead sp\u00e4tne je ve\u013emi pozit\u00edvny a ne\u013eutujem, \u017ee som sa z\u00fa\u010dastnila. Te\u0161\u00edm sa z nov\u00fdch priate\u013estiev a cen\u00edm si, \u017ee som spoznala mlad\u00fdch \u013eud\u00ed z r\u00f4znych kraj\u00edn. -C<\/div>\n","protected":false},"excerpt":{"rendered":"<p>Po pondelkovej dlhej trati boli v utorok na programe najvy\u0161\u0161ej svetovej s\u00fa\u0165a\u017ee \u201e\u0161kol\u00e1kov\u201c na Sic\u00edlii \u0161tafety priate\u013estva. Zlo\u017eenie ka\u017edej \u0161tafety bolo nalosovan\u00e9 tak, aby ka\u017ed\u00fd \u010dlen bol z inej krajiny. Pretekalo sa na \u0161printovej mape priamo<a class=\"moretag\" href=\"http:\/\/fba.orienteering.sk\/?p=2720\">Read More&#8230;<\/a><\/p>\n","protected":false},"author":2,"featured_media":2721,"comment_status":"open","ping_status":"open","sticky":false,"template":"","format":"standard","meta":[],"categories":[20],"tags":[],"_links":{"self":[{"href":"http:\/\/fba.orienteering.sk\/index.php?rest_route=\/wp\/v2\/posts\/2720"}],"collection":[{"href":"http:\/\/fba.orienteering.sk\/index.php?rest_route=\/wp\/v2\/posts"}],"about":[{"href":"http:\/\/fba.orienteering.sk\/index.php?rest_route=\/wp\/v2\/types\/post"}],"author":[{"embeddable":true,"href":"http:\/\/fba.orienteering.sk\/index.php?rest_route=\/wp\/v2\/users\/2"}],"replies":[{"embeddable":true,"href":"http:\/\/fba.orienteering.sk\/index.php?rest_route=%2Fwp%2Fv2%2Fcomments&post=2720"}],"version-history":[{"count":7,"href":"http:\/\/fba.orienteering.sk\/index.php?rest_route=\/wp\/v2\/posts\/2720\/revisions"}],"predecessor-version":[{"id":2734,"href":"http:\/\/fba.orienteering.sk\/index.php?rest_route=\/wp\/v2\/posts\/2720\/revisions\/2734"}],"wp:featuredmedia":[{"embeddable":true,"href":"http:\/\/fba.orienteering.sk\/index.php?rest_route=\/wp\/v2\/media\/2721"}],"wp:attachment":[{"href":"http:\/\/fba.orienteering.sk\/index.php?rest_route=%2Fwp%2Fv2%2Fmedia&parent=2720"}],"wp:term":[{"taxonomy":"category","embeddable":true,"href":"http:\/\/fba.orienteering.sk\/index.php?rest_route=%2Fwp%2Fv2%2Fcategories&post=2720"},{"taxonomy":"post_tag","embeddable":true,"href":"http:\/\/fba.orienteering.sk\/index.php?rest_route=%2Fwp%2Fv2%2Ftags&post=2720"}],"curies":[{"name":"wp","href":"https:\/\/api.w.org\/{rel}","templated":true}]}}