{"id":2530,"date":"2017-03-12T12:04:27","date_gmt":"2017-03-12T10:04:27","guid":{"rendered":"http:\/\/fba.orienteering.sk\/?p=2530"},"modified":"2019-04-09T16:01:10","modified_gmt":"2019-04-09T14:01:10","slug":"fotogaleria-jarny-elixir-2017","status":"publish","type":"post","link":"http:\/\/fba.orienteering.sk\/?p=2530","title":{"rendered":"FOTOGAL\u00c9RIA Jarn\u00fd elix\u00edr 11.3.2017"},"content":{"rendered":"<p>Fotogal\u00e9riu z pr\u00edpravy a \u0161tartu preteku (a vyhlasovania v\u00fdsledkov) si m\u00f4\u017eete pozrie\u0165 <a href=\"http:\/\/www.kendra.sk\/JarnyElixir2017\/\">na tejto linke<\/a>. Je tam cca 100 fotiek, tak sa sn\u00e1\u010f niekde n\u00e1jdete. \ud83d\ude42<\/p>\n<p>A ako to vyzeralo o\u010dami M12 nato\u010dil Daniel Dokupil z \u0160K Sandberg<br \/>\n<a href=\"https:\/\/youtu.be\/-QH7t0b1en4\" target=\"_blank\">video 6.kolo OR 2017<\/a><\/p>\n<p><a href=\"http:\/\/www.kendra.sk\/JarnyElixir2017\/\"><img loading=\"lazy\" class=\"alignnone size-medium wp-image-2533\" src=\"http:\/\/fba.orienteering.sk\/wp-content\/uploads\/2017\/03\/Jarn\u00fd_elix\u00edr_2017-300x197.png\" alt=\"Jarn\u00fd_elix\u00edr_2017\" width=\"300\" height=\"197\" srcset=\"http:\/\/fba.orienteering.sk\/wp-content\/uploads\/2017\/03\/Jarn\u00fd_elix\u00edr_2017-300x197.png 300w, http:\/\/fba.orienteering.sk\/wp-content\/uploads\/2017\/03\/Jarn\u00fd_elix\u00edr_2017.png 832w\" sizes=\"(max-width: 300px) 100vw, 300px\" \/><\/a><\/p>\n<p>Ak by sa v\u00e1m niektor\u00e9 fotky p\u00e1\u010dili a\u017e tak, \u017ee by ste si ich chceli da\u0165 vytla\u010di\u0165 vo fotolabe, tak v\u0161etky fotky v tla\u010dovej kvalite n\u00e1jdete v arch\u00edve, ktor\u00fd je (do\u010dasne) ulo\u017een\u00fd <a href=\"http:\/\/www.kendra.sk\/JarnyElixir2017.zip\">na tejto linke<\/a> \u2013 <strong>A TOTO ODPOR\u00da\u010cAM FAKT STIAHNU\u0164, A R\u00ddCHLO, BUDE TO TU LEN CHV\u00cd\u013dKU<\/strong>. Vymaza\u0165 tie fotky, ktor\u00e9 nechcete, je to najjednoduch\u0161ie. \ud83d\ude42<\/p>\n","protected":false},"excerpt":{"rendered":"<p>Fotogal\u00e9riu z pr\u00edpravy a \u0161tartu preteku (a vyhlasovania v\u00fdsledkov) si m\u00f4\u017eete pozrie\u0165 na tejto linke. Je tam cca 100 fotiek, tak sa sn\u00e1\u010f niekde n\u00e1jdete. \ud83d\ude42 A ako to vyzeralo o\u010dami M12 nato\u010dil Daniel Dokupil z<a class=\"moretag\" href=\"http:\/\/fba.orienteering.sk\/?p=2530\">Read More&#8230;<\/a><\/p>\n","protected":false},"author":3,"featured_media":2533,"comment_status":"open","ping_status":"open","sticky":false,"template":"","format":"standard","meta":[],"categories":[10],"tags":[],"_links":{"self":[{"href":"http:\/\/fba.orienteering.sk\/index.php?rest_route=\/wp\/v2\/posts\/2530"}],"collection":[{"href":"http:\/\/fba.orienteering.sk\/index.php?rest_route=\/wp\/v2\/posts"}],"about":[{"href":"http:\/\/fba.orienteering.sk\/index.php?rest_route=\/wp\/v2\/types\/post"}],"author":[{"embeddable":true,"href":"http:\/\/fba.orienteering.sk\/index.php?rest_route=\/wp\/v2\/users\/3"}],"replies":[{"embeddable":true,"href":"http:\/\/fba.orienteering.sk\/index.php?rest_route=%2Fwp%2Fv2%2Fcomments&post=2530"}],"version-history":[{"count":8,"href":"http:\/\/fba.orienteering.sk\/index.php?rest_route=\/wp\/v2\/posts\/2530\/revisions"}],"predecessor-version":[{"id":2614,"href":"http:\/\/fba.orienteering.sk\/index.php?rest_route=\/wp\/v2\/posts\/2530\/revisions\/2614"}],"wp:featuredmedia":[{"embeddable":true,"href":"http:\/\/fba.orienteering.sk\/index.php?rest_route=\/wp\/v2\/media\/2533"}],"wp:attachment":[{"href":"http:\/\/fba.orienteering.sk\/index.php?rest_route=%2Fwp%2Fv2%2Fmedia&parent=2530"}],"wp:term":[{"taxonomy":"category","embeddable":true,"href":"http:\/\/fba.orienteering.sk\/index.php?rest_route=%2Fwp%2Fv2%2Fcategories&post=2530"},{"taxonomy":"post_tag","embeddable":true,"href":"http:\/\/fba.orienteering.sk\/index.php?rest_route=%2Fwp%2Fv2%2Ftags&post=2530"}],"curies":[{"name":"wp","href":"https:\/\/api.w.org\/{rel}","templated":true}]}}