{"id":1255,"date":"2015-12-07T11:06:27","date_gmt":"2015-12-07T09:06:27","guid":{"rendered":"http:\/\/fba.orienteering.sk\/?p=1255"},"modified":"2019-04-09T15:44:43","modified_gmt":"2019-04-09T13:44:43","slug":"rebricek-2015-fba-dve-prve-miesta","status":"publish","type":"post","link":"http:\/\/fba.orienteering.sk\/?p=1255","title":{"rendered":"REBR\u00cd\u010cEK 2015: FBA dve prv\u00e9 miesta"},"content":{"rendered":"<p>Po 26-tich kol\u00e1ch Slovensk\u00e9ho rebr\u00ed\u010dka jednotlivcov v sez\u00f3ne 2015 pri\u0161lo ve\u013ek\u00e9 spo\u010d\u00edtanie siedmich najlep\u0161\u00edch v\u00fdkonov ka\u017ed\u00e9ho zaregistrovan\u00e9ho pretek\u00e1ra a\u00a0<span style=\"line-height: 1.5;\">vyhodnotenie\u00a0kone\u010dn\u00e9ho poradia.<\/span><\/p>\n<p>V mu\u017eskej elite si\u00a0v silnej konkurencii\u00a0v\u00fdborn\u00e9 2. miesto vybojoval Pavol Bukov\u00e1c. Do \u010dervenej skupiny sa e\u0161te dostali aj Maro\u0161 Bukov\u00e1c na 8.mieste a Pe\u0165o Mi\u017e\u00far na 10. mieste.<\/p>\n<p>V \u017eenskej elite obsadila Marta Wartiakov\u00e1 kr\u00e1sne 3. miesto.<\/p>\n<p>Mlad\u0161ia dorastenka Magdal\u00e9na Hrabo\u0161ov\u00e1 v kateg\u00f3rii W16 skon\u010dila na 3. mieste.<\/p>\n<p>Najvy\u0161\u0161ie prie\u010dky dosiahli veter\u00e1ni Alena Bukov\u00e1cov\u00e1 v kateg\u00f3rii W35 a Peter Glon\u010d\u00e1k M35.<!--more--><\/p>\n<p>Do prvej trojky sa e\u0161te dostali Katka Da\u0159\u00ed\u010dkov\u00e1 so svoj\u00edm 2.miestom v kateg\u00f3rii W60 a De\u017eko Baran s 3. miestom v kateg\u00f3rii M70.<\/p>\n<p>V s\u00fa\u0165a\u017ei dru\u017estiev sme z 21 hodnoten\u00fdch oddielov skon\u010dili na 6. mieste.<\/p>\n<p>Dotatok:<\/p>\n<p>Kv\u00f4li administrat\u00edvnym z\u00e1le\u017eitostiam niektor\u00ed akt\u00edvni \u010dlenovia neboli zar\u00e1tan\u00ed do rebr\u00ed\u010dka\u00a0(na registr\u00e1ciu det\u00ed aj dospel\u00fdch je potrebn\u00e9 odovzda\u0165 fotografiu+miesto a d\u00e1tum narodenia +u dospel\u00fdch aj \u010dlensk\u00fd poplatok), tak\u017ee ak chcete by\u0165 riadne registrovan\u00ed pre rok 2016 a teda aj bojova\u0165 o umiestnenie v rebr\u00ed\u010dku, odovzdajte do konca kalend\u00e1rneho roku horeuveden\u00e9 veci Alene alebo Janovi Mi\u017e\u00farovi.<\/p>\n","protected":false},"excerpt":{"rendered":"<p>Po 26-tich kol\u00e1ch Slovensk\u00e9ho rebr\u00ed\u010dka jednotlivcov v sez\u00f3ne 2015 pri\u0161lo ve\u013ek\u00e9 spo\u010d\u00edtanie siedmich najlep\u0161\u00edch v\u00fdkonov ka\u017ed\u00e9ho zaregistrovan\u00e9ho pretek\u00e1ra a\u00a0vyhodnotenie\u00a0kone\u010dn\u00e9ho poradia. V mu\u017eskej elite si\u00a0v silnej konkurencii\u00a0v\u00fdborn\u00e9 2. miesto vybojoval Pavol Bukov\u00e1c. Do \u010dervenej skupiny sa e\u0161te<a class=\"moretag\" href=\"http:\/\/fba.orienteering.sk\/?p=1255\">Read More&#8230;<\/a><\/p>\n","protected":false},"author":2,"featured_media":1262,"comment_status":"open","ping_status":"open","sticky":false,"template":"","format":"standard","meta":[],"categories":[20],"tags":[],"_links":{"self":[{"href":"http:\/\/fba.orienteering.sk\/index.php?rest_route=\/wp\/v2\/posts\/1255"}],"collection":[{"href":"http:\/\/fba.orienteering.sk\/index.php?rest_route=\/wp\/v2\/posts"}],"about":[{"href":"http:\/\/fba.orienteering.sk\/index.php?rest_route=\/wp\/v2\/types\/post"}],"author":[{"embeddable":true,"href":"http:\/\/fba.orienteering.sk\/index.php?rest_route=\/wp\/v2\/users\/2"}],"replies":[{"embeddable":true,"href":"http:\/\/fba.orienteering.sk\/index.php?rest_route=%2Fwp%2Fv2%2Fcomments&post=1255"}],"version-history":[{"count":5,"href":"http:\/\/fba.orienteering.sk\/index.php?rest_route=\/wp\/v2\/posts\/1255\/revisions"}],"predecessor-version":[{"id":1746,"href":"http:\/\/fba.orienteering.sk\/index.php?rest_route=\/wp\/v2\/posts\/1255\/revisions\/1746"}],"wp:featuredmedia":[{"embeddable":true,"href":"http:\/\/fba.orienteering.sk\/index.php?rest_route=\/wp\/v2\/media\/1262"}],"wp:attachment":[{"href":"http:\/\/fba.orienteering.sk\/index.php?rest_route=%2Fwp%2Fv2%2Fmedia&parent=1255"}],"wp:term":[{"taxonomy":"category","embeddable":true,"href":"http:\/\/fba.orienteering.sk\/index.php?rest_route=%2Fwp%2Fv2%2Fcategories&post=1255"},{"taxonomy":"post_tag","embeddable":true,"href":"http:\/\/fba.orienteering.sk\/index.php?rest_route=%2Fwp%2Fv2%2Ftags&post=1255"}],"curies":[{"name":"wp","href":"https:\/\/api.w.org\/{rel}","templated":true}]}}